{"id":883,"date":"2015-12-30T10:42:13","date_gmt":"2015-12-30T08:42:13","guid":{"rendered":"http:\/\/www.inkultura-online.de\/politisch_unkorrekt\/?p=883"},"modified":"2015-12-30T10:42:57","modified_gmt":"2015-12-30T08:42:57","slug":"boellern-mit-fluechtlingen","status":"publish","type":"post","link":"https:\/\/www.inkultura-online.de\/politisch_unkorrekt\/boellern-mit-fluechtlingen\/","title":{"rendered":"B\u00f6llern mit Fl\u00fcchtlingen"},"content":{"rendered":"<p>Es gibt wieder neue Nachrichten aus Schildaland. Wer immer noch glaubt, der angewandte Wahnsinn bez\u00fcglich der praktizierten &#8222;Willkommenskultur&#8220; f\u00fcr unsere dringend ben\u00f6tigten &#8222;Fachkr\u00e4fte&#8220; und &#8222;Rentensicherer&#8220; habe bereits die Grenzen des Pathologischen erreicht, wird wieder einmal eines Besseren belehrt. Anscheinend kennt der Irrsinn, geht es um &#8222;Fl\u00fcchtlinge&#8220;, kein Limit.<!--more--><\/p>\n<p>Im fr\u00e4nkischen Reichenberg fand ein <a href=\"http:\/\/www.augsburger-allgemeine.de\/bayern\/Fraenkische-Gemeinde-zuendet-Probefeuerwerk-fuer-Fluechtlinge-id36446747.html\" target=\"_blank\">&#8222;Probefeuerwerk&#8220;<\/a> f\u00fcr &#8222;Fl\u00fcchtlinge&#8220; statt. Andrea K\u00fcbler, Professorin f\u00fcr Interventionspsychologie, (h\u00f6rt sich komisch an, gibt es aber wirklich) erkl\u00e4rt: <em>&#8222;Es ist wichtig, die Fl\u00fcchtlinge fr\u00fchzeitig \u00fcber Silvester aufzukl\u00e4ren und deutlich zu machen, dass dieses Fest mit Freude verbunden ist.&#8220;<\/em><\/p>\n<p>Komisch nur, dass niemand, auch keine Professorin f\u00fcr Interventionspsychologie R\u00fccksicht auf unsere Babys, Kleinkinder und Kinder fordert, die mit diesem &#8222;Feuer\u00fcberfall&#8220; panisch aus dem Schlaf gerissen werden. Komisch auch, dass niemand R\u00fccksicht nimmt auf Menschen die Angst vor der Knallerei haben.<\/p>\n<p>Jetzt f\u00e4llt mir wieder ein, warum das so ist: Es sind nur Autochthone, auf die unsere Volksaustauscher bekanntlich keinen Wert mehr legen.<\/p>\n","protected":false},"excerpt":{"rendered":"<p>Es gibt wieder neue Nachrichten aus Schildaland. Wer immer noch glaubt, der angewandte Wahnsinn bez\u00fcglich der praktizierten &#8222;Willkommenskultur&#8220; f\u00fcr unsere dringend ben\u00f6tigten &#8222;Fachkr\u00e4fte&#8220; und &#8222;Rentensicherer&#8220; habe bereits die Grenzen des Pathologischen erreicht, wird wieder einmal eines Besseren belehrt. Anscheinend kennt &hellip; <a href=\"https:\/\/www.inkultura-online.de\/politisch_unkorrekt\/boellern-mit-fluechtlingen\/\">Weiterlesen <span class=\"meta-nav\">&rarr;<\/span><\/a><\/p>\n","protected":false},"author":1,"featured_media":0,"comment_status":"open","ping_status":"open","sticky":false,"template":"","format":"standard","meta":{"footnotes":""},"categories":[1],"tags":[271,512,79,230],"class_list":["post-883","post","type-post","status-publish","format-standard","hentry","category-fundstuecke","tag-asylirrsinn","tag-autochthone","tag-fluechtlinge","tag-illegale"],"yoast_head":"<!-- This site is optimized with the Yoast SEO plugin v27.5 - https:\/\/yoast.com\/product\/yoast-seo-wordpress\/ -->\n<title>B\u00f6llern mit Fl\u00fcchtlingen - Zeitgeist? Frei!<\/title>\n<meta name=\"robots\" content=\"index, follow, max-snippet:-1, max-image-preview:large, max-video-preview:-1\" \/>\n<link rel=\"canonical\" href=\"https:\/\/www.inkultura-online.de\/politisch_unkorrekt\/boellern-mit-fluechtlingen\/\" \/>\n<meta property=\"og:locale\" content=\"de_DE\" \/>\n<meta property=\"og:type\" content=\"article\" \/>\n<meta property=\"og:title\" content=\"B\u00f6llern mit Fl\u00fcchtlingen - Zeitgeist? Frei!\" \/>\n<meta property=\"og:description\" content=\"Es gibt wieder neue Nachrichten aus Schildaland. Wer immer noch glaubt, der angewandte Wahnsinn bez\u00fcglich der praktizierten &#8222;Willkommenskultur&#8220; f\u00fcr unsere dringend ben\u00f6tigten &#8222;Fachkr\u00e4fte&#8220; und &#8222;Rentensicherer&#8220; habe bereits die Grenzen des Pathologischen erreicht, wird wieder einmal eines Besseren belehrt. Anscheinend kennt &hellip; Weiterlesen &rarr;\" \/>\n<meta property=\"og:url\" content=\"https:\/\/www.inkultura-online.de\/politisch_unkorrekt\/boellern-mit-fluechtlingen\/\" \/>\n<meta property=\"og:site_name\" content=\"Zeitgeist? Frei!\" \/>\n<meta property=\"article:published_time\" content=\"2015-12-30T08:42:13+00:00\" \/>\n<meta property=\"article:modified_time\" content=\"2015-12-30T08:42:57+00:00\" \/>\n<meta name=\"author\" content=\"Orator\" \/>\n<meta name=\"twitter:label1\" content=\"Verfasst von\" \/>\n\t<meta name=\"twitter:data1\" content=\"Orator\" \/>\n\t<meta name=\"twitter:label2\" content=\"Gesch\u00e4tzte Lesezeit\" \/>\n\t<meta name=\"twitter:data2\" content=\"1\u00a0Minute\" \/>\n<script type=\"application\/ld+json\" class=\"yoast-schema-graph\">{\"@context\":\"https:\\\/\\\/schema.org\",\"@graph\":[{\"@type\":\"Article\",\"@id\":\"https:\\\/\\\/www.inkultura-online.de\\\/politisch_unkorrekt\\\/boellern-mit-fluechtlingen\\\/#article\",\"isPartOf\":{\"@id\":\"https:\\\/\\\/www.inkultura-online.de\\\/politisch_unkorrekt\\\/boellern-mit-fluechtlingen\\\/\"},\"author\":{\"name\":\"Orator\",\"@id\":\"https:\\\/\\\/www.inkultura-online.de\\\/politisch_unkorrekt\\\/#\\\/schema\\\/person\\\/5b30b80e385478896a1de221e1994d86\"},\"headline\":\"B\u00f6llern mit Fl\u00fcchtlingen\",\"datePublished\":\"2015-12-30T08:42:13+00:00\",\"dateModified\":\"2015-12-30T08:42:57+00:00\",\"mainEntityOfPage\":{\"@id\":\"https:\\\/\\\/www.inkultura-online.de\\\/politisch_unkorrekt\\\/boellern-mit-fluechtlingen\\\/\"},\"wordCount\":179,\"commentCount\":0,\"publisher\":{\"@id\":\"https:\\\/\\\/www.inkultura-online.de\\\/politisch_unkorrekt\\\/#\\\/schema\\\/person\\\/5b30b80e385478896a1de221e1994d86\"},\"keywords\":[\"Asylirrsinn\",\"Autochthone\",\"Fl\u00fcchtlinge\",\"Illegale\"],\"articleSection\":[\"Fundst\u00fccke\"],\"inLanguage\":\"de\",\"potentialAction\":[{\"@type\":\"CommentAction\",\"name\":\"Comment\",\"target\":[\"https:\\\/\\\/www.inkultura-online.de\\\/politisch_unkorrekt\\\/boellern-mit-fluechtlingen\\\/#respond\"]}]},{\"@type\":\"WebPage\",\"@id\":\"https:\\\/\\\/www.inkultura-online.de\\\/politisch_unkorrekt\\\/boellern-mit-fluechtlingen\\\/\",\"url\":\"https:\\\/\\\/www.inkultura-online.de\\\/politisch_unkorrekt\\\/boellern-mit-fluechtlingen\\\/\",\"name\":\"B\u00f6llern mit Fl\u00fcchtlingen - Zeitgeist? Frei!\",\"isPartOf\":{\"@id\":\"https:\\\/\\\/www.inkultura-online.de\\\/politisch_unkorrekt\\\/#website\"},\"datePublished\":\"2015-12-30T08:42:13+00:00\",\"dateModified\":\"2015-12-30T08:42:57+00:00\",\"breadcrumb\":{\"@id\":\"https:\\\/\\\/www.inkultura-online.de\\\/politisch_unkorrekt\\\/boellern-mit-fluechtlingen\\\/#breadcrumb\"},\"inLanguage\":\"de\",\"potentialAction\":[{\"@type\":\"ReadAction\",\"target\":[\"https:\\\/\\\/www.inkultura-online.de\\\/politisch_unkorrekt\\\/boellern-mit-fluechtlingen\\\/\"]}]},{\"@type\":\"BreadcrumbList\",\"@id\":\"https:\\\/\\\/www.inkultura-online.de\\\/politisch_unkorrekt\\\/boellern-mit-fluechtlingen\\\/#breadcrumb\",\"itemListElement\":[{\"@type\":\"ListItem\",\"position\":1,\"name\":\"Home\",\"item\":\"https:\\\/\\\/www.inkultura-online.de\\\/politisch_unkorrekt\\\/\"},{\"@type\":\"ListItem\",\"position\":2,\"name\":\"B\u00f6llern mit Fl\u00fcchtlingen\"}]},{\"@type\":\"WebSite\",\"@id\":\"https:\\\/\\\/www.inkultura-online.de\\\/politisch_unkorrekt\\\/#website\",\"url\":\"https:\\\/\\\/www.inkultura-online.de\\\/politisch_unkorrekt\\\/\",\"name\":\"Zeitgeist? Frei!\",\"description\":\"Was Ihr den Geist der Zeiten hei\u00dft...\",\"publisher\":{\"@id\":\"https:\\\/\\\/www.inkultura-online.de\\\/politisch_unkorrekt\\\/#\\\/schema\\\/person\\\/5b30b80e385478896a1de221e1994d86\"},\"potentialAction\":[{\"@type\":\"SearchAction\",\"target\":{\"@type\":\"EntryPoint\",\"urlTemplate\":\"https:\\\/\\\/www.inkultura-online.de\\\/politisch_unkorrekt\\\/?s={search_term_string}\"},\"query-input\":{\"@type\":\"PropertyValueSpecification\",\"valueRequired\":true,\"valueName\":\"search_term_string\"}}],\"inLanguage\":\"de\"},{\"@type\":[\"Person\",\"Organization\"],\"@id\":\"https:\\\/\\\/www.inkultura-online.de\\\/politisch_unkorrekt\\\/#\\\/schema\\\/person\\\/5b30b80e385478896a1de221e1994d86\",\"name\":\"Orator\",\"image\":{\"@type\":\"ImageObject\",\"inLanguage\":\"de\",\"@id\":\"https:\\\/\\\/secure.gravatar.com\\\/avatar\\\/96e03166d31716e9c437060430eb7605c45a8ce6fb6dab483637ca6915dd0844?s=96&d=mm&r=g\",\"url\":\"https:\\\/\\\/secure.gravatar.com\\\/avatar\\\/96e03166d31716e9c437060430eb7605c45a8ce6fb6dab483637ca6915dd0844?s=96&d=mm&r=g\",\"contentUrl\":\"https:\\\/\\\/secure.gravatar.com\\\/avatar\\\/96e03166d31716e9c437060430eb7605c45a8ce6fb6dab483637ca6915dd0844?s=96&d=mm&r=g\",\"caption\":\"Orator\"},\"logo\":{\"@id\":\"https:\\\/\\\/secure.gravatar.com\\\/avatar\\\/96e03166d31716e9c437060430eb7605c45a8ce6fb6dab483637ca6915dd0844?s=96&d=mm&r=g\"},\"url\":\"https:\\\/\\\/www.inkultura-online.de\\\/politisch_unkorrekt\\\/author\\\/1korrektor21-2\\\/\"}]}<\/script>\n<!-- \/ Yoast SEO plugin. -->","yoast_head_json":{"title":"B\u00f6llern mit Fl\u00fcchtlingen - Zeitgeist? Frei!","robots":{"index":"index","follow":"follow","max-snippet":"max-snippet:-1","max-image-preview":"max-image-preview:large","max-video-preview":"max-video-preview:-1"},"canonical":"https:\/\/www.inkultura-online.de\/politisch_unkorrekt\/boellern-mit-fluechtlingen\/","og_locale":"de_DE","og_type":"article","og_title":"B\u00f6llern mit Fl\u00fcchtlingen - Zeitgeist? Frei!","og_description":"Es gibt wieder neue Nachrichten aus Schildaland. Wer immer noch glaubt, der angewandte Wahnsinn bez\u00fcglich der praktizierten &#8222;Willkommenskultur&#8220; f\u00fcr unsere dringend ben\u00f6tigten &#8222;Fachkr\u00e4fte&#8220; und &#8222;Rentensicherer&#8220; habe bereits die Grenzen des Pathologischen erreicht, wird wieder einmal eines Besseren belehrt. Anscheinend kennt &hellip; Weiterlesen &rarr;","og_url":"https:\/\/www.inkultura-online.de\/politisch_unkorrekt\/boellern-mit-fluechtlingen\/","og_site_name":"Zeitgeist? Frei!","article_published_time":"2015-12-30T08:42:13+00:00","article_modified_time":"2015-12-30T08:42:57+00:00","author":"Orator","twitter_misc":{"Verfasst von":"Orator","Gesch\u00e4tzte Lesezeit":"1\u00a0Minute"},"schema":{"@context":"https:\/\/schema.org","@graph":[{"@type":"Article","@id":"https:\/\/www.inkultura-online.de\/politisch_unkorrekt\/boellern-mit-fluechtlingen\/#article","isPartOf":{"@id":"https:\/\/www.inkultura-online.de\/politisch_unkorrekt\/boellern-mit-fluechtlingen\/"},"author":{"name":"Orator","@id":"https:\/\/www.inkultura-online.de\/politisch_unkorrekt\/#\/schema\/person\/5b30b80e385478896a1de221e1994d86"},"headline":"B\u00f6llern mit Fl\u00fcchtlingen","datePublished":"2015-12-30T08:42:13+00:00","dateModified":"2015-12-30T08:42:57+00:00","mainEntityOfPage":{"@id":"https:\/\/www.inkultura-online.de\/politisch_unkorrekt\/boellern-mit-fluechtlingen\/"},"wordCount":179,"commentCount":0,"publisher":{"@id":"https:\/\/www.inkultura-online.de\/politisch_unkorrekt\/#\/schema\/person\/5b30b80e385478896a1de221e1994d86"},"keywords":["Asylirrsinn","Autochthone","Fl\u00fcchtlinge","Illegale"],"articleSection":["Fundst\u00fccke"],"inLanguage":"de","potentialAction":[{"@type":"CommentAction","name":"Comment","target":["https:\/\/www.inkultura-online.de\/politisch_unkorrekt\/boellern-mit-fluechtlingen\/#respond"]}]},{"@type":"WebPage","@id":"https:\/\/www.inkultura-online.de\/politisch_unkorrekt\/boellern-mit-fluechtlingen\/","url":"https:\/\/www.inkultura-online.de\/politisch_unkorrekt\/boellern-mit-fluechtlingen\/","name":"B\u00f6llern mit Fl\u00fcchtlingen - Zeitgeist? Frei!","isPartOf":{"@id":"https:\/\/www.inkultura-online.de\/politisch_unkorrekt\/#website"},"datePublished":"2015-12-30T08:42:13+00:00","dateModified":"2015-12-30T08:42:57+00:00","breadcrumb":{"@id":"https:\/\/www.inkultura-online.de\/politisch_unkorrekt\/boellern-mit-fluechtlingen\/#breadcrumb"},"inLanguage":"de","potentialAction":[{"@type":"ReadAction","target":["https:\/\/www.inkultura-online.de\/politisch_unkorrekt\/boellern-mit-fluechtlingen\/"]}]},{"@type":"BreadcrumbList","@id":"https:\/\/www.inkultura-online.de\/politisch_unkorrekt\/boellern-mit-fluechtlingen\/#breadcrumb","itemListElement":[{"@type":"ListItem","position":1,"name":"Home","item":"https:\/\/www.inkultura-online.de\/politisch_unkorrekt\/"},{"@type":"ListItem","position":2,"name":"B\u00f6llern mit Fl\u00fcchtlingen"}]},{"@type":"WebSite","@id":"https:\/\/www.inkultura-online.de\/politisch_unkorrekt\/#website","url":"https:\/\/www.inkultura-online.de\/politisch_unkorrekt\/","name":"Zeitgeist? Frei!","description":"Was Ihr den Geist der Zeiten hei\u00dft...","publisher":{"@id":"https:\/\/www.inkultura-online.de\/politisch_unkorrekt\/#\/schema\/person\/5b30b80e385478896a1de221e1994d86"},"potentialAction":[{"@type":"SearchAction","target":{"@type":"EntryPoint","urlTemplate":"https:\/\/www.inkultura-online.de\/politisch_unkorrekt\/?s={search_term_string}"},"query-input":{"@type":"PropertyValueSpecification","valueRequired":true,"valueName":"search_term_string"}}],"inLanguage":"de"},{"@type":["Person","Organization"],"@id":"https:\/\/www.inkultura-online.de\/politisch_unkorrekt\/#\/schema\/person\/5b30b80e385478896a1de221e1994d86","name":"Orator","image":{"@type":"ImageObject","inLanguage":"de","@id":"https:\/\/secure.gravatar.com\/avatar\/96e03166d31716e9c437060430eb7605c45a8ce6fb6dab483637ca6915dd0844?s=96&d=mm&r=g","url":"https:\/\/secure.gravatar.com\/avatar\/96e03166d31716e9c437060430eb7605c45a8ce6fb6dab483637ca6915dd0844?s=96&d=mm&r=g","contentUrl":"https:\/\/secure.gravatar.com\/avatar\/96e03166d31716e9c437060430eb7605c45a8ce6fb6dab483637ca6915dd0844?s=96&d=mm&r=g","caption":"Orator"},"logo":{"@id":"https:\/\/secure.gravatar.com\/avatar\/96e03166d31716e9c437060430eb7605c45a8ce6fb6dab483637ca6915dd0844?s=96&d=mm&r=g"},"url":"https:\/\/www.inkultura-online.de\/politisch_unkorrekt\/author\/1korrektor21-2\/"}]}},"_links":{"self":[{"href":"https:\/\/www.inkultura-online.de\/politisch_unkorrekt\/wp-json\/wp\/v2\/posts\/883","targetHints":{"allow":["GET"]}}],"collection":[{"href":"https:\/\/www.inkultura-online.de\/politisch_unkorrekt\/wp-json\/wp\/v2\/posts"}],"about":[{"href":"https:\/\/www.inkultura-online.de\/politisch_unkorrekt\/wp-json\/wp\/v2\/types\/post"}],"author":[{"embeddable":true,"href":"https:\/\/www.inkultura-online.de\/politisch_unkorrekt\/wp-json\/wp\/v2\/users\/1"}],"replies":[{"embeddable":true,"href":"https:\/\/www.inkultura-online.de\/politisch_unkorrekt\/wp-json\/wp\/v2\/comments?post=883"}],"version-history":[{"count":2,"href":"https:\/\/www.inkultura-online.de\/politisch_unkorrekt\/wp-json\/wp\/v2\/posts\/883\/revisions"}],"predecessor-version":[{"id":885,"href":"https:\/\/www.inkultura-online.de\/politisch_unkorrekt\/wp-json\/wp\/v2\/posts\/883\/revisions\/885"}],"wp:attachment":[{"href":"https:\/\/www.inkultura-online.de\/politisch_unkorrekt\/wp-json\/wp\/v2\/media?parent=883"}],"wp:term":[{"taxonomy":"category","embeddable":true,"href":"https:\/\/www.inkultura-online.de\/politisch_unkorrekt\/wp-json\/wp\/v2\/categories?post=883"},{"taxonomy":"post_tag","embeddable":true,"href":"https:\/\/www.inkultura-online.de\/politisch_unkorrekt\/wp-json\/wp\/v2\/tags?post=883"}],"curies":[{"name":"wp","href":"https:\/\/api.w.org\/{rel}","templated":true}]}}