{"id":891,"date":"2015-12-31T15:23:20","date_gmt":"2015-12-31T13:23:20","guid":{"rendered":"http:\/\/www.inkultura-online.de\/politisch_unkorrekt\/?p=891"},"modified":"2015-12-31T15:23:20","modified_gmt":"2015-12-31T13:23:20","slug":"altersstarrsinn","status":"publish","type":"post","link":"https:\/\/www.inkultura-online.de\/politisch_unkorrekt\/altersstarrsinn\/","title":{"rendered":"Altersstarrsinn"},"content":{"rendered":"<p>Alle Jahre wieder schwurbelt die Gr\u00f6KaZ ihre Sprechblasen an die Adresse der deutschen B\u00fcrger. Nur der Deutschen? Nein, dieses Jahr hat die mit Zwangsgeb\u00fchren \u00fcppig alimentierte \u00d6ffentlich-Rechtliche-Verdummung die Neujahrsansprache der Bundeskanzlerin mit arabischen und englischen Untertiteln versehen, so dass auch unsere so dringend ben\u00f6tigten \u201eFachkr\u00e4fte\u201c aus gr\u00f6\u00dftenteils muslimischen L\u00e4ndern das Ges\u00fclze der K\u00f6nigin von Deutschland vernehmen k\u00f6nnen.<!--more--><\/p>\n<p>Es muss Altersstarrsinn sein, der Merkel dazu zwingt, ihre gesellschaftszersetzenden Spr\u00fcche des Vorjahrs zu wiederholen. <i>&#8222;Es steht v\u00f6llig au\u00dfer Zweifel, dass der Zuzug so vieler Menschen uns noch einiges abverlangen wird. Das wird Zeit, Kraft und Geld kosten.&#8220; <\/i>Da labert eine, die mit \u201euns\u201c in Wirklichkeit die Steuern zahlenden B\u00fcrger meint, denn die Nutznie\u00dfer des politisch-medialen Kartells wissen sehr gut, ihr Verm\u00f6gen in Sicherheit zu bringen.<\/p>\n<p><i>&#8222;Es kommt darauf an, dass wir uns nicht spalten lassen. Nicht in Generationen. Auch nicht sozial und nicht in Alteingesessene und Neub\u00fcrger.&#8220;<\/i> Dank der mit erheblicher krimineller Energie handelnden Regierung ist Deutschland bereits gespalten. N\u00e4mlich einerseits in die Masse der B\u00fcrger, die Recht und Gesetzt befolgen und andererseits in diejenigen, die beides jeden Tag ungestraft brechen.<\/p>\n<p>Und weil das letzte Neujahrsgeschwurbel anscheinend genau das Gegenteil bewirkt hat, gibt es dieses Jahr eine Neuauflage: <i>&#8222;Es kommt darauf an, denen nicht zu folgen, die mit K\u00e4lte oder gar Hass in ihrem Herzen ein Deutschsein allein f\u00fcr sich reklamieren und andere ausgrenzen wollen.&#8220;<\/i><\/p>\n<p>Die K\u00f6nigin, die so gern alle ihre Landeskinder unter den Hut der einen, alternativlosen Meinung bringen m\u00f6chte, grenzt wieder einmal diejenigen aus, die partout nicht der offiziellen Linie folgen wollen.<\/p>\n<p>Nat\u00fcrlich wollen wie unser, die Kanzlerin benutzt das Wort in fast schon pejorativer Weise, Deutschsein f\u00fcr uns. F\u00fcr all uns Autochthone, die ihre Kinder zu wertvollen Mitgliedern der Gesellschaft erziehen, die flei\u00dfig und bescheiden sind und ihren durch Arbeit und K\u00f6nnen erwirtschafteten Wohlstand genie\u00dfen wollen und ihn auf keinen Fall in Richtung muslimischer Landnahme davonfliegen sehen. Wir wollen dieses Land, unser Land, nat\u00fcrlich f\u00fcr uns reklamieren. F\u00fcr wen denn sonst? Etwa f\u00fcr die Masse der ungebildeten und mit unseren Werten und unserer Kultur inkompatiblen illegalen \u201eZuwanderern\u201c, denen die deutsche Kultur im Arsch vorbeigeht und die ausschlie\u00dflich die Wohltaten des Sozialstaats in Anspruch nehmen wollen? Nicht mit uns!<\/p>\n<p><i>&#8222;Ich danke den unz\u00e4hligen freiwilligen Helfern f\u00fcr ihre Herzensw\u00e4rme und ihre Einsatzbereitschaft, die immer mit diesem Jahr 2015 verbunden sein werden.&#8220;<\/i> Anders ausgedr\u00fcckt, all die n\u00fctzlichen Idioten, ohne deren, sagen wir es deutlich, Volksverrat schon l\u00e4ngst die ersten \u201eFl\u00fcchtlinge\u201c mangels offizieller Hilfe verreckt w\u00e4ren, handeln im Sinne der Politik \u2013 n\u00e4mlich kriminell, da sie sich aktiv an Schleuserkriminalit\u00e4t, Menschenschmuggel und Unterst\u00fctzung sich illegal in Deutschland aufhaltender Personen beteiligen.<\/p>\n<p>Dabei w\u00e4re, w\u00fcrde sich die herrschende Klasse unseres Landes an bestehendes nationales und internationales Recht halten, Deutschland in der komfortablen Situation, den Zuzug von Menschen, die aus politischen oder sonstigen Gr\u00fcnden gezwungen sind, ihre Heimatl\u00e4ndern zu verlassen, zu kanalisieren und nicht, wie aktuell, Millionen Illegale unkontrolliert die Grenzen unserer Heimat \u00fcberschreiten zu lassen. Damit wird, und der politisch-mediale Komplex arbeitet unentwegt daran, das deutsche Asylrecht auf Dauer ausgeh\u00f6hlt. Aber was scheren diese Kriminellen rechtliche Bedenken? Im Prinzip ist die aktuelle Staatsf\u00fchrung nicht von Organisierter Kriminalit\u00e4t zu unterscheiden.<\/p>\n<p>Alle B\u00fcrger, folgt man denn den altersstarrsinnigen Behauptungen der Gr\u00f6KaZ, die mit offenen Augen durch unser Land gehen und die das kleine Einmaleins beherrschen, haben also \u201eein kaltes Herz\u201c? Denkt diese Mittelm\u00e4\u00dfigkeit auf zwei Beinen eigentlich an all die alten Menschen, die kaum von ihrer Rente leben k\u00f6nnen, an in prek\u00e4ren Verh\u00e4ltnissen lebende Familien und Alleinerziehende, deren Kinder vielfach an der Armutsgrenze leben m\u00fcssen, an die tausende Jugendliche, die aufgrund der Bildungsmisere der letzten 20 Jahre nicht in den Arbeitsprozess gekommen sind? Nein, das tut sie wohl nicht: Warum werden jetzt <a href=\"http:\/\/www.spiegel.de\/wirtschaft\/soziales\/fluechtlinge-bundeslaender-erwarten-17-milliarden-euro-kosten-fuer-2016-a-1069795.html#utm_source=politik#utm_medium=medium#utm_campaign=plista&amp;ref=plista\" target=\"_blank\">Milliarden<\/a> aus dem Hut gezaubert, die vorher das eigene Volk bitter n\u00f6tig hatte? Nein, die K\u00f6nigin verschwendet keinen Gedanken daran, wie sich diese Deutschen jetzt f\u00fchlen m\u00fcssen, die jeden Tag aus allen Rohren der \u201eQualit\u00e4tsmedien\u201c mit einem \u201eEigentlich sind die Zuwanderer die besseren Menschen\u201c \u00fcbersch\u00fcttet werden.<\/p>\n<p>Nein Euer Majest\u00e4t, so l\u00e4uft das nicht. Und weil Ihr und Eure Claqueure und Hofschranzen das auch ganz genau wisst, geht Euch allen der Arsch bereits jetzt geh\u00f6rig auf Grundeis, denn Ihr sp\u00fcrt, dass Eure Tage gez\u00e4hlt sind und Ihr eines nicht mehr fernen Tages zur Rechenschaft gezogen werdet.<\/p>\n","protected":false},"excerpt":{"rendered":"<p>Alle Jahre wieder schwurbelt die Gr\u00f6KaZ ihre Sprechblasen an die Adresse der deutschen B\u00fcrger. Nur der Deutschen? Nein, dieses Jahr hat die mit Zwangsgeb\u00fchren \u00fcppig alimentierte \u00d6ffentlich-Rechtliche-Verdummung die Neujahrsansprache der Bundeskanzlerin mit arabischen und englischen Untertiteln versehen, so dass auch &hellip; <a href=\"https:\/\/www.inkultura-online.de\/politisch_unkorrekt\/altersstarrsinn\/\">Weiterlesen <span class=\"meta-nav\">&rarr;<\/span><\/a><\/p>\n","protected":false},"author":1,"featured_media":0,"comment_status":"open","ping_status":"open","sticky":false,"template":"","format":"standard","meta":{"footnotes":""},"categories":[378,444,10],"tags":[516,79,64,230,225],"class_list":["post-891","post","type-post","status-publish","format-standard","hentry","category-denunzianten","category-gedanken-zum-tag","category-systemfehler","tag-altersstarrsinn","tag-fluechtlinge","tag-groekaz","tag-illegale","tag-volksverraeter"],"yoast_head":"<!-- This site is optimized with the Yoast SEO plugin v27.5 - https:\/\/yoast.com\/product\/yoast-seo-wordpress\/ -->\n<title>Altersstarrsinn - Zeitgeist? Frei!<\/title>\n<meta name=\"robots\" content=\"index, follow, max-snippet:-1, max-image-preview:large, max-video-preview:-1\" \/>\n<link rel=\"canonical\" href=\"https:\/\/www.inkultura-online.de\/politisch_unkorrekt\/altersstarrsinn\/\" \/>\n<meta property=\"og:locale\" content=\"de_DE\" \/>\n<meta property=\"og:type\" content=\"article\" \/>\n<meta property=\"og:title\" content=\"Altersstarrsinn - Zeitgeist? Frei!\" \/>\n<meta property=\"og:description\" content=\"Alle Jahre wieder schwurbelt die Gr\u00f6KaZ ihre Sprechblasen an die Adresse der deutschen B\u00fcrger. Nur der Deutschen? Nein, dieses Jahr hat die mit Zwangsgeb\u00fchren \u00fcppig alimentierte \u00d6ffentlich-Rechtliche-Verdummung die Neujahrsansprache der Bundeskanzlerin mit arabischen und englischen Untertiteln versehen, so dass auch &hellip; Weiterlesen &rarr;\" \/>\n<meta property=\"og:url\" content=\"https:\/\/www.inkultura-online.de\/politisch_unkorrekt\/altersstarrsinn\/\" \/>\n<meta property=\"og:site_name\" content=\"Zeitgeist? Frei!\" \/>\n<meta property=\"article:published_time\" content=\"2015-12-31T13:23:20+00:00\" \/>\n<meta name=\"author\" content=\"Orator\" \/>\n<meta name=\"twitter:label1\" content=\"Verfasst von\" \/>\n\t<meta name=\"twitter:data1\" content=\"Orator\" \/>\n\t<meta name=\"twitter:label2\" content=\"Gesch\u00e4tzte Lesezeit\" \/>\n\t<meta name=\"twitter:data2\" content=\"4\u00a0Minuten\" \/>\n<script type=\"application\/ld+json\" class=\"yoast-schema-graph\">{\"@context\":\"https:\\\/\\\/schema.org\",\"@graph\":[{\"@type\":\"Article\",\"@id\":\"https:\\\/\\\/www.inkultura-online.de\\\/politisch_unkorrekt\\\/altersstarrsinn\\\/#article\",\"isPartOf\":{\"@id\":\"https:\\\/\\\/www.inkultura-online.de\\\/politisch_unkorrekt\\\/altersstarrsinn\\\/\"},\"author\":{\"name\":\"Orator\",\"@id\":\"https:\\\/\\\/www.inkultura-online.de\\\/politisch_unkorrekt\\\/#\\\/schema\\\/person\\\/5b30b80e385478896a1de221e1994d86\"},\"headline\":\"Altersstarrsinn\",\"datePublished\":\"2015-12-31T13:23:20+00:00\",\"mainEntityOfPage\":{\"@id\":\"https:\\\/\\\/www.inkultura-online.de\\\/politisch_unkorrekt\\\/altersstarrsinn\\\/\"},\"wordCount\":769,\"commentCount\":0,\"publisher\":{\"@id\":\"https:\\\/\\\/www.inkultura-online.de\\\/politisch_unkorrekt\\\/#\\\/schema\\\/person\\\/5b30b80e385478896a1de221e1994d86\"},\"keywords\":[\"Altersstarrsinn\",\"Fl\u00fcchtlinge\",\"Gr\u00f6KaZ\",\"Illegale\",\"Volksverr\u00e4ter\"],\"articleSection\":[\"Denunzianten und Volksverr\u00e4ter\",\"Gedanken zum Tag\",\"Systemfehler\"],\"inLanguage\":\"de\",\"potentialAction\":[{\"@type\":\"CommentAction\",\"name\":\"Comment\",\"target\":[\"https:\\\/\\\/www.inkultura-online.de\\\/politisch_unkorrekt\\\/altersstarrsinn\\\/#respond\"]}]},{\"@type\":\"WebPage\",\"@id\":\"https:\\\/\\\/www.inkultura-online.de\\\/politisch_unkorrekt\\\/altersstarrsinn\\\/\",\"url\":\"https:\\\/\\\/www.inkultura-online.de\\\/politisch_unkorrekt\\\/altersstarrsinn\\\/\",\"name\":\"Altersstarrsinn - Zeitgeist? Frei!\",\"isPartOf\":{\"@id\":\"https:\\\/\\\/www.inkultura-online.de\\\/politisch_unkorrekt\\\/#website\"},\"datePublished\":\"2015-12-31T13:23:20+00:00\",\"breadcrumb\":{\"@id\":\"https:\\\/\\\/www.inkultura-online.de\\\/politisch_unkorrekt\\\/altersstarrsinn\\\/#breadcrumb\"},\"inLanguage\":\"de\",\"potentialAction\":[{\"@type\":\"ReadAction\",\"target\":[\"https:\\\/\\\/www.inkultura-online.de\\\/politisch_unkorrekt\\\/altersstarrsinn\\\/\"]}]},{\"@type\":\"BreadcrumbList\",\"@id\":\"https:\\\/\\\/www.inkultura-online.de\\\/politisch_unkorrekt\\\/altersstarrsinn\\\/#breadcrumb\",\"itemListElement\":[{\"@type\":\"ListItem\",\"position\":1,\"name\":\"Home\",\"item\":\"https:\\\/\\\/www.inkultura-online.de\\\/politisch_unkorrekt\\\/\"},{\"@type\":\"ListItem\",\"position\":2,\"name\":\"Altersstarrsinn\"}]},{\"@type\":\"WebSite\",\"@id\":\"https:\\\/\\\/www.inkultura-online.de\\\/politisch_unkorrekt\\\/#website\",\"url\":\"https:\\\/\\\/www.inkultura-online.de\\\/politisch_unkorrekt\\\/\",\"name\":\"Zeitgeist? Frei!\",\"description\":\"Was Ihr den Geist der Zeiten hei\u00dft...\",\"publisher\":{\"@id\":\"https:\\\/\\\/www.inkultura-online.de\\\/politisch_unkorrekt\\\/#\\\/schema\\\/person\\\/5b30b80e385478896a1de221e1994d86\"},\"potentialAction\":[{\"@type\":\"SearchAction\",\"target\":{\"@type\":\"EntryPoint\",\"urlTemplate\":\"https:\\\/\\\/www.inkultura-online.de\\\/politisch_unkorrekt\\\/?s={search_term_string}\"},\"query-input\":{\"@type\":\"PropertyValueSpecification\",\"valueRequired\":true,\"valueName\":\"search_term_string\"}}],\"inLanguage\":\"de\"},{\"@type\":[\"Person\",\"Organization\"],\"@id\":\"https:\\\/\\\/www.inkultura-online.de\\\/politisch_unkorrekt\\\/#\\\/schema\\\/person\\\/5b30b80e385478896a1de221e1994d86\",\"name\":\"Orator\",\"image\":{\"@type\":\"ImageObject\",\"inLanguage\":\"de\",\"@id\":\"https:\\\/\\\/secure.gravatar.com\\\/avatar\\\/96e03166d31716e9c437060430eb7605c45a8ce6fb6dab483637ca6915dd0844?s=96&d=mm&r=g\",\"url\":\"https:\\\/\\\/secure.gravatar.com\\\/avatar\\\/96e03166d31716e9c437060430eb7605c45a8ce6fb6dab483637ca6915dd0844?s=96&d=mm&r=g\",\"contentUrl\":\"https:\\\/\\\/secure.gravatar.com\\\/avatar\\\/96e03166d31716e9c437060430eb7605c45a8ce6fb6dab483637ca6915dd0844?s=96&d=mm&r=g\",\"caption\":\"Orator\"},\"logo\":{\"@id\":\"https:\\\/\\\/secure.gravatar.com\\\/avatar\\\/96e03166d31716e9c437060430eb7605c45a8ce6fb6dab483637ca6915dd0844?s=96&d=mm&r=g\"},\"url\":\"https:\\\/\\\/www.inkultura-online.de\\\/politisch_unkorrekt\\\/author\\\/1korrektor21-2\\\/\"}]}<\/script>\n<!-- \/ Yoast SEO plugin. -->","yoast_head_json":{"title":"Altersstarrsinn - Zeitgeist? Frei!","robots":{"index":"index","follow":"follow","max-snippet":"max-snippet:-1","max-image-preview":"max-image-preview:large","max-video-preview":"max-video-preview:-1"},"canonical":"https:\/\/www.inkultura-online.de\/politisch_unkorrekt\/altersstarrsinn\/","og_locale":"de_DE","og_type":"article","og_title":"Altersstarrsinn - Zeitgeist? Frei!","og_description":"Alle Jahre wieder schwurbelt die Gr\u00f6KaZ ihre Sprechblasen an die Adresse der deutschen B\u00fcrger. Nur der Deutschen? Nein, dieses Jahr hat die mit Zwangsgeb\u00fchren \u00fcppig alimentierte \u00d6ffentlich-Rechtliche-Verdummung die Neujahrsansprache der Bundeskanzlerin mit arabischen und englischen Untertiteln versehen, so dass auch &hellip; Weiterlesen &rarr;","og_url":"https:\/\/www.inkultura-online.de\/politisch_unkorrekt\/altersstarrsinn\/","og_site_name":"Zeitgeist? Frei!","article_published_time":"2015-12-31T13:23:20+00:00","author":"Orator","twitter_misc":{"Verfasst von":"Orator","Gesch\u00e4tzte Lesezeit":"4\u00a0Minuten"},"schema":{"@context":"https:\/\/schema.org","@graph":[{"@type":"Article","@id":"https:\/\/www.inkultura-online.de\/politisch_unkorrekt\/altersstarrsinn\/#article","isPartOf":{"@id":"https:\/\/www.inkultura-online.de\/politisch_unkorrekt\/altersstarrsinn\/"},"author":{"name":"Orator","@id":"https:\/\/www.inkultura-online.de\/politisch_unkorrekt\/#\/schema\/person\/5b30b80e385478896a1de221e1994d86"},"headline":"Altersstarrsinn","datePublished":"2015-12-31T13:23:20+00:00","mainEntityOfPage":{"@id":"https:\/\/www.inkultura-online.de\/politisch_unkorrekt\/altersstarrsinn\/"},"wordCount":769,"commentCount":0,"publisher":{"@id":"https:\/\/www.inkultura-online.de\/politisch_unkorrekt\/#\/schema\/person\/5b30b80e385478896a1de221e1994d86"},"keywords":["Altersstarrsinn","Fl\u00fcchtlinge","Gr\u00f6KaZ","Illegale","Volksverr\u00e4ter"],"articleSection":["Denunzianten und Volksverr\u00e4ter","Gedanken zum Tag","Systemfehler"],"inLanguage":"de","potentialAction":[{"@type":"CommentAction","name":"Comment","target":["https:\/\/www.inkultura-online.de\/politisch_unkorrekt\/altersstarrsinn\/#respond"]}]},{"@type":"WebPage","@id":"https:\/\/www.inkultura-online.de\/politisch_unkorrekt\/altersstarrsinn\/","url":"https:\/\/www.inkultura-online.de\/politisch_unkorrekt\/altersstarrsinn\/","name":"Altersstarrsinn - Zeitgeist? Frei!","isPartOf":{"@id":"https:\/\/www.inkultura-online.de\/politisch_unkorrekt\/#website"},"datePublished":"2015-12-31T13:23:20+00:00","breadcrumb":{"@id":"https:\/\/www.inkultura-online.de\/politisch_unkorrekt\/altersstarrsinn\/#breadcrumb"},"inLanguage":"de","potentialAction":[{"@type":"ReadAction","target":["https:\/\/www.inkultura-online.de\/politisch_unkorrekt\/altersstarrsinn\/"]}]},{"@type":"BreadcrumbList","@id":"https:\/\/www.inkultura-online.de\/politisch_unkorrekt\/altersstarrsinn\/#breadcrumb","itemListElement":[{"@type":"ListItem","position":1,"name":"Home","item":"https:\/\/www.inkultura-online.de\/politisch_unkorrekt\/"},{"@type":"ListItem","position":2,"name":"Altersstarrsinn"}]},{"@type":"WebSite","@id":"https:\/\/www.inkultura-online.de\/politisch_unkorrekt\/#website","url":"https:\/\/www.inkultura-online.de\/politisch_unkorrekt\/","name":"Zeitgeist? Frei!","description":"Was Ihr den Geist der Zeiten hei\u00dft...","publisher":{"@id":"https:\/\/www.inkultura-online.de\/politisch_unkorrekt\/#\/schema\/person\/5b30b80e385478896a1de221e1994d86"},"potentialAction":[{"@type":"SearchAction","target":{"@type":"EntryPoint","urlTemplate":"https:\/\/www.inkultura-online.de\/politisch_unkorrekt\/?s={search_term_string}"},"query-input":{"@type":"PropertyValueSpecification","valueRequired":true,"valueName":"search_term_string"}}],"inLanguage":"de"},{"@type":["Person","Organization"],"@id":"https:\/\/www.inkultura-online.de\/politisch_unkorrekt\/#\/schema\/person\/5b30b80e385478896a1de221e1994d86","name":"Orator","image":{"@type":"ImageObject","inLanguage":"de","@id":"https:\/\/secure.gravatar.com\/avatar\/96e03166d31716e9c437060430eb7605c45a8ce6fb6dab483637ca6915dd0844?s=96&d=mm&r=g","url":"https:\/\/secure.gravatar.com\/avatar\/96e03166d31716e9c437060430eb7605c45a8ce6fb6dab483637ca6915dd0844?s=96&d=mm&r=g","contentUrl":"https:\/\/secure.gravatar.com\/avatar\/96e03166d31716e9c437060430eb7605c45a8ce6fb6dab483637ca6915dd0844?s=96&d=mm&r=g","caption":"Orator"},"logo":{"@id":"https:\/\/secure.gravatar.com\/avatar\/96e03166d31716e9c437060430eb7605c45a8ce6fb6dab483637ca6915dd0844?s=96&d=mm&r=g"},"url":"https:\/\/www.inkultura-online.de\/politisch_unkorrekt\/author\/1korrektor21-2\/"}]}},"_links":{"self":[{"href":"https:\/\/www.inkultura-online.de\/politisch_unkorrekt\/wp-json\/wp\/v2\/posts\/891","targetHints":{"allow":["GET"]}}],"collection":[{"href":"https:\/\/www.inkultura-online.de\/politisch_unkorrekt\/wp-json\/wp\/v2\/posts"}],"about":[{"href":"https:\/\/www.inkultura-online.de\/politisch_unkorrekt\/wp-json\/wp\/v2\/types\/post"}],"author":[{"embeddable":true,"href":"https:\/\/www.inkultura-online.de\/politisch_unkorrekt\/wp-json\/wp\/v2\/users\/1"}],"replies":[{"embeddable":true,"href":"https:\/\/www.inkultura-online.de\/politisch_unkorrekt\/wp-json\/wp\/v2\/comments?post=891"}],"version-history":[{"count":1,"href":"https:\/\/www.inkultura-online.de\/politisch_unkorrekt\/wp-json\/wp\/v2\/posts\/891\/revisions"}],"predecessor-version":[{"id":892,"href":"https:\/\/www.inkultura-online.de\/politisch_unkorrekt\/wp-json\/wp\/v2\/posts\/891\/revisions\/892"}],"wp:attachment":[{"href":"https:\/\/www.inkultura-online.de\/politisch_unkorrekt\/wp-json\/wp\/v2\/media?parent=891"}],"wp:term":[{"taxonomy":"category","embeddable":true,"href":"https:\/\/www.inkultura-online.de\/politisch_unkorrekt\/wp-json\/wp\/v2\/categories?post=891"},{"taxonomy":"post_tag","embeddable":true,"href":"https:\/\/www.inkultura-online.de\/politisch_unkorrekt\/wp-json\/wp\/v2\/tags?post=891"}],"curies":[{"name":"wp","href":"https:\/\/api.w.org\/{rel}","templated":true}]}}