{"id":897,"date":"2015-12-31T17:25:58","date_gmt":"2015-12-31T15:25:58","guid":{"rendered":"http:\/\/www.inkultura-online.de\/politisch_unkorrekt\/?p=897"},"modified":"2015-12-31T17:25:58","modified_gmt":"2015-12-31T15:25:58","slug":"frank-ulrich-montgomery-und-das-uebernormale","status":"publish","type":"post","link":"https:\/\/www.inkultura-online.de\/politisch_unkorrekt\/frank-ulrich-montgomery-und-das-uebernormale\/","title":{"rendered":"Frank-Ulrich Montgomery und das \u00dcbernormale"},"content":{"rendered":"<p>Funktion\u00e4re haben in Deutschland, sitzen sie erst einmal in den warmen und gut dotierten Positionen, nichts mehr zu bef\u00fcrchten \u2013 gesetzt den Fall, sie weichen nicht vom Pfad des politisch Erlaubten ab. Keine Ausnahme macht der Oberbonze der organisierten deutschen \u00c4rzteschaft, Frank-Ulrich Montgomery.<!--more--><\/p>\n<p>Der stellt gleich zwei polit- korrekte Thesen auf, die, man muss bef\u00fcrchten, der gute Mann hat Angst um seinen bequemen Sessel, ihn in den Augen der Gr\u00f6KaZ als einen unverzichtbaren Streiter ihrer \u201eWir schaffen das\u201c Ideologie erscheinen l\u00e4sst. Ungeachtet der Tatsache, dass die Krankenkassenbeitr\u00e4ge steigen \u2013 nein, hat alles nichts mit den Fl\u00fcchtlingen zu tun \u2013 rechnet der wohl jahresendzeitbedingt unter dem Einfluss bewusstseinserweiternder Drogen stehende und deshalb etwas verwirrte Bundes\u00e4rztepr\u00e4sident nicht damit, dass das Gesundheitssystems wegen der \u201eFl\u00fcchtlinge\u201c \u00fcberfordert wird.<\/p>\n<p>Kann man auch anders sehen: <a href=\"http:\/\/www.pi-news.net\/2015\/12\/10-der-fluechtlinge-tbc-infiziert\/#more-496779\" target=\"_blank\">hier<\/a> und <a href=\"https:\/\/derhonigmannsagt.wordpress.com\/2014\/10\/12\/arztkosten-fur-fluchtlinge-in-essen-explodieren\/\" target=\"_blank\">hier<\/a> und, mal ein Artikel aus politisch unverd\u00e4chtiger Ecke, <a href=\"http:\/\/www.moz.de\/artikel-ansicht\/dg\/0\/1\/1244025\" target=\"_blank\">hier<\/a>.<\/p>\n<p>Im Gegenteil, die sind, so Montys zweite wirre Aussage, sogar billiger als die Autochthonen, denn die durchschnittlichen Gesundheitskosten eines Asylbewerbers liegen bei 2300 Euro und das sind 600 Euro weniger als bei einem Deutschen. Wer h\u00e4tte das gedacht? Nun sind wir B\u00fcrger es ja seit geraumer Zeit gewohnt, dass der politisch-mediale Komplex die \u201eFl\u00fcchtlinge\u201c, die Millionen illegalen Landnehmer, die so h\u00e4nderingend von der Wirtschaft ben\u00f6tigten \u201eFachkr\u00e4fte\u201c als \u201ebesser ausgebildet\u201c, \u201epolyglotter\u201c \u201eintelligenter\u201c und \u00fcberhaupt als bessere Menschen als es die deutschen B\u00fcrger sind, beschreibt. Am besten, Monty, Merkel und alle anderen politischen Murkser schaffen das autochthone Volk ab, denn das erweist sich zunehmend als untragbarer Kostenfaktor.<\/p>\n<p>Der \u00c4rztebonze steht nat\u00fcrlich in der rhetorischen Tradition der Gr\u00f6KaZ und schwafelt denn auch sinnentleert davon, dass, weil die Migranten in der Regel &#8222;junge dynamische M\u00e4nner&#8220; sind \u2013 endlich gibt das mal einer zu \u2013 die auch, und jetzt dreht Monty paranormal durch, \u201e\u00fcbernormal\u201c gesund seien. Boah, da muss der Normalo erst einmal drauf kommen. Die sind nicht nur gesund, nein, die sind \u201e\u00fcbernormal\u201c gesund.<\/p>\n<p>Wie bittesch\u00f6n, muss man sich diesen Zustand vorstellen? Haben die etwa Superabwehrkr\u00e4fte gegen ansteckende Krankheiten oder sind die schon alle genetisch aufgewertet? Stehen die vielleicht, mit \u00fcbersinnlichen F\u00e4higkeiten ausgestattet, bereits in Kontakt zu Au\u00dferirdischen und haben von denen ein Gesundheitsgen eingepflanzt bekommen? Kommt da etwa eine dem normalen Menschen weit \u00fcberlegene Rasse der Zukunft zum Vorschein, die endlich den Omega-Punkt menschlicher Entwicklung erreicht hat? Schade, dass Monty sich zu diesen Fragen nicht n\u00e4her ge\u00e4u\u00dfert hat.<\/p>\n<p>Zwei Sachen sind jedoch vollkommen klar. Wenn hier etwa \u201e\u00fcber\u201c ist, dann sind es die schwachsinnigen Auslassungen des Bundes\u00e4rztepr\u00e4sidenten. Die sind n\u00e4mlich \u00fcberfl\u00fcssig und sein R\u00fcckzug ins Privatleben l\u00e4ngst \u00fcberf\u00e4llig.<\/p>\n","protected":false},"excerpt":{"rendered":"<p>Funktion\u00e4re haben in Deutschland, sitzen sie erst einmal in den warmen und gut dotierten Positionen, nichts mehr zu bef\u00fcrchten \u2013 gesetzt den Fall, sie weichen nicht vom Pfad des politisch Erlaubten ab. Keine Ausnahme macht der Oberbonze der organisierten deutschen &hellip; <a href=\"https:\/\/www.inkultura-online.de\/politisch_unkorrekt\/frank-ulrich-montgomery-und-das-uebernormale\/\">Weiterlesen <span class=\"meta-nav\">&rarr;<\/span><\/a><\/p>\n","protected":false},"author":1,"featured_media":0,"comment_status":"open","ping_status":"open","sticky":false,"template":"","format":"standard","meta":{"footnotes":""},"categories":[2,378,3,5,10],"tags":[271,79,518,230,81,517,225],"class_list":["post-897","post","type-post","status-publish","format-standard","hentry","category-antipathie","category-denunzianten","category-die-duemmsten-sprueche-der-woche","category-meinungen-und-sprueche","category-systemfehler","tag-asylirrsinn","tag-fluechtlinge","tag-gesundheitssystem","tag-illegale","tag-merkel","tag-paranormal","tag-volksverraeter"],"yoast_head":"<!-- This site is optimized with the Yoast SEO plugin v27.5 - https:\/\/yoast.com\/product\/yoast-seo-wordpress\/ -->\n<title>Frank-Ulrich Montgomery und das \u00dcbernormale - Zeitgeist? Frei!<\/title>\n<meta name=\"robots\" content=\"index, follow, max-snippet:-1, max-image-preview:large, max-video-preview:-1\" \/>\n<link rel=\"canonical\" href=\"https:\/\/www.inkultura-online.de\/politisch_unkorrekt\/frank-ulrich-montgomery-und-das-uebernormale\/\" \/>\n<meta property=\"og:locale\" content=\"de_DE\" \/>\n<meta property=\"og:type\" content=\"article\" \/>\n<meta property=\"og:title\" content=\"Frank-Ulrich Montgomery und das \u00dcbernormale - Zeitgeist? Frei!\" \/>\n<meta property=\"og:description\" content=\"Funktion\u00e4re haben in Deutschland, sitzen sie erst einmal in den warmen und gut dotierten Positionen, nichts mehr zu bef\u00fcrchten \u2013 gesetzt den Fall, sie weichen nicht vom Pfad des politisch Erlaubten ab. Keine Ausnahme macht der Oberbonze der organisierten deutschen &hellip; Weiterlesen &rarr;\" \/>\n<meta property=\"og:url\" content=\"https:\/\/www.inkultura-online.de\/politisch_unkorrekt\/frank-ulrich-montgomery-und-das-uebernormale\/\" \/>\n<meta property=\"og:site_name\" content=\"Zeitgeist? Frei!\" \/>\n<meta property=\"article:published_time\" content=\"2015-12-31T15:25:58+00:00\" \/>\n<meta name=\"author\" content=\"Orator\" \/>\n<meta name=\"twitter:label1\" content=\"Verfasst von\" \/>\n\t<meta name=\"twitter:data1\" content=\"Orator\" \/>\n\t<meta name=\"twitter:label2\" content=\"Gesch\u00e4tzte Lesezeit\" \/>\n\t<meta name=\"twitter:data2\" content=\"2\u00a0Minuten\" \/>\n<script type=\"application\/ld+json\" class=\"yoast-schema-graph\">{\"@context\":\"https:\\\/\\\/schema.org\",\"@graph\":[{\"@type\":\"Article\",\"@id\":\"https:\\\/\\\/www.inkultura-online.de\\\/politisch_unkorrekt\\\/frank-ulrich-montgomery-und-das-uebernormale\\\/#article\",\"isPartOf\":{\"@id\":\"https:\\\/\\\/www.inkultura-online.de\\\/politisch_unkorrekt\\\/frank-ulrich-montgomery-und-das-uebernormale\\\/\"},\"author\":{\"name\":\"Orator\",\"@id\":\"https:\\\/\\\/www.inkultura-online.de\\\/politisch_unkorrekt\\\/#\\\/schema\\\/person\\\/5b30b80e385478896a1de221e1994d86\"},\"headline\":\"Frank-Ulrich Montgomery und das \u00dcbernormale\",\"datePublished\":\"2015-12-31T15:25:58+00:00\",\"mainEntityOfPage\":{\"@id\":\"https:\\\/\\\/www.inkultura-online.de\\\/politisch_unkorrekt\\\/frank-ulrich-montgomery-und-das-uebernormale\\\/\"},\"wordCount\":449,\"commentCount\":0,\"publisher\":{\"@id\":\"https:\\\/\\\/www.inkultura-online.de\\\/politisch_unkorrekt\\\/#\\\/schema\\\/person\\\/5b30b80e385478896a1de221e1994d86\"},\"keywords\":[\"Asylirrsinn\",\"Fl\u00fcchtlinge\",\"Gesundheitssystem\",\"Illegale\",\"Merkel\",\"Paranormal\",\"Volksverr\u00e4ter\"],\"articleSection\":[\"Antipathie\",\"Denunzianten und Volksverr\u00e4ter\",\"Die d\u00fcmmsten Spr\u00fcche der Woche\",\"Meinungen und Spr\u00fcche\",\"Systemfehler\"],\"inLanguage\":\"de\",\"potentialAction\":[{\"@type\":\"CommentAction\",\"name\":\"Comment\",\"target\":[\"https:\\\/\\\/www.inkultura-online.de\\\/politisch_unkorrekt\\\/frank-ulrich-montgomery-und-das-uebernormale\\\/#respond\"]}]},{\"@type\":\"WebPage\",\"@id\":\"https:\\\/\\\/www.inkultura-online.de\\\/politisch_unkorrekt\\\/frank-ulrich-montgomery-und-das-uebernormale\\\/\",\"url\":\"https:\\\/\\\/www.inkultura-online.de\\\/politisch_unkorrekt\\\/frank-ulrich-montgomery-und-das-uebernormale\\\/\",\"name\":\"Frank-Ulrich Montgomery und das \u00dcbernormale - Zeitgeist? Frei!\",\"isPartOf\":{\"@id\":\"https:\\\/\\\/www.inkultura-online.de\\\/politisch_unkorrekt\\\/#website\"},\"datePublished\":\"2015-12-31T15:25:58+00:00\",\"breadcrumb\":{\"@id\":\"https:\\\/\\\/www.inkultura-online.de\\\/politisch_unkorrekt\\\/frank-ulrich-montgomery-und-das-uebernormale\\\/#breadcrumb\"},\"inLanguage\":\"de\",\"potentialAction\":[{\"@type\":\"ReadAction\",\"target\":[\"https:\\\/\\\/www.inkultura-online.de\\\/politisch_unkorrekt\\\/frank-ulrich-montgomery-und-das-uebernormale\\\/\"]}]},{\"@type\":\"BreadcrumbList\",\"@id\":\"https:\\\/\\\/www.inkultura-online.de\\\/politisch_unkorrekt\\\/frank-ulrich-montgomery-und-das-uebernormale\\\/#breadcrumb\",\"itemListElement\":[{\"@type\":\"ListItem\",\"position\":1,\"name\":\"Home\",\"item\":\"https:\\\/\\\/www.inkultura-online.de\\\/politisch_unkorrekt\\\/\"},{\"@type\":\"ListItem\",\"position\":2,\"name\":\"Frank-Ulrich Montgomery und das \u00dcbernormale\"}]},{\"@type\":\"WebSite\",\"@id\":\"https:\\\/\\\/www.inkultura-online.de\\\/politisch_unkorrekt\\\/#website\",\"url\":\"https:\\\/\\\/www.inkultura-online.de\\\/politisch_unkorrekt\\\/\",\"name\":\"Zeitgeist? Frei!\",\"description\":\"Was Ihr den Geist der Zeiten hei\u00dft...\",\"publisher\":{\"@id\":\"https:\\\/\\\/www.inkultura-online.de\\\/politisch_unkorrekt\\\/#\\\/schema\\\/person\\\/5b30b80e385478896a1de221e1994d86\"},\"potentialAction\":[{\"@type\":\"SearchAction\",\"target\":{\"@type\":\"EntryPoint\",\"urlTemplate\":\"https:\\\/\\\/www.inkultura-online.de\\\/politisch_unkorrekt\\\/?s={search_term_string}\"},\"query-input\":{\"@type\":\"PropertyValueSpecification\",\"valueRequired\":true,\"valueName\":\"search_term_string\"}}],\"inLanguage\":\"de\"},{\"@type\":[\"Person\",\"Organization\"],\"@id\":\"https:\\\/\\\/www.inkultura-online.de\\\/politisch_unkorrekt\\\/#\\\/schema\\\/person\\\/5b30b80e385478896a1de221e1994d86\",\"name\":\"Orator\",\"image\":{\"@type\":\"ImageObject\",\"inLanguage\":\"de\",\"@id\":\"https:\\\/\\\/secure.gravatar.com\\\/avatar\\\/96e03166d31716e9c437060430eb7605c45a8ce6fb6dab483637ca6915dd0844?s=96&d=mm&r=g\",\"url\":\"https:\\\/\\\/secure.gravatar.com\\\/avatar\\\/96e03166d31716e9c437060430eb7605c45a8ce6fb6dab483637ca6915dd0844?s=96&d=mm&r=g\",\"contentUrl\":\"https:\\\/\\\/secure.gravatar.com\\\/avatar\\\/96e03166d31716e9c437060430eb7605c45a8ce6fb6dab483637ca6915dd0844?s=96&d=mm&r=g\",\"caption\":\"Orator\"},\"logo\":{\"@id\":\"https:\\\/\\\/secure.gravatar.com\\\/avatar\\\/96e03166d31716e9c437060430eb7605c45a8ce6fb6dab483637ca6915dd0844?s=96&d=mm&r=g\"},\"url\":\"https:\\\/\\\/www.inkultura-online.de\\\/politisch_unkorrekt\\\/author\\\/1korrektor21-2\\\/\"}]}<\/script>\n<!-- \/ Yoast SEO plugin. -->","yoast_head_json":{"title":"Frank-Ulrich Montgomery und das \u00dcbernormale - Zeitgeist? Frei!","robots":{"index":"index","follow":"follow","max-snippet":"max-snippet:-1","max-image-preview":"max-image-preview:large","max-video-preview":"max-video-preview:-1"},"canonical":"https:\/\/www.inkultura-online.de\/politisch_unkorrekt\/frank-ulrich-montgomery-und-das-uebernormale\/","og_locale":"de_DE","og_type":"article","og_title":"Frank-Ulrich Montgomery und das \u00dcbernormale - Zeitgeist? Frei!","og_description":"Funktion\u00e4re haben in Deutschland, sitzen sie erst einmal in den warmen und gut dotierten Positionen, nichts mehr zu bef\u00fcrchten \u2013 gesetzt den Fall, sie weichen nicht vom Pfad des politisch Erlaubten ab. Keine Ausnahme macht der Oberbonze der organisierten deutschen &hellip; Weiterlesen &rarr;","og_url":"https:\/\/www.inkultura-online.de\/politisch_unkorrekt\/frank-ulrich-montgomery-und-das-uebernormale\/","og_site_name":"Zeitgeist? Frei!","article_published_time":"2015-12-31T15:25:58+00:00","author":"Orator","twitter_misc":{"Verfasst von":"Orator","Gesch\u00e4tzte Lesezeit":"2\u00a0Minuten"},"schema":{"@context":"https:\/\/schema.org","@graph":[{"@type":"Article","@id":"https:\/\/www.inkultura-online.de\/politisch_unkorrekt\/frank-ulrich-montgomery-und-das-uebernormale\/#article","isPartOf":{"@id":"https:\/\/www.inkultura-online.de\/politisch_unkorrekt\/frank-ulrich-montgomery-und-das-uebernormale\/"},"author":{"name":"Orator","@id":"https:\/\/www.inkultura-online.de\/politisch_unkorrekt\/#\/schema\/person\/5b30b80e385478896a1de221e1994d86"},"headline":"Frank-Ulrich Montgomery und das \u00dcbernormale","datePublished":"2015-12-31T15:25:58+00:00","mainEntityOfPage":{"@id":"https:\/\/www.inkultura-online.de\/politisch_unkorrekt\/frank-ulrich-montgomery-und-das-uebernormale\/"},"wordCount":449,"commentCount":0,"publisher":{"@id":"https:\/\/www.inkultura-online.de\/politisch_unkorrekt\/#\/schema\/person\/5b30b80e385478896a1de221e1994d86"},"keywords":["Asylirrsinn","Fl\u00fcchtlinge","Gesundheitssystem","Illegale","Merkel","Paranormal","Volksverr\u00e4ter"],"articleSection":["Antipathie","Denunzianten und Volksverr\u00e4ter","Die d\u00fcmmsten Spr\u00fcche der Woche","Meinungen und Spr\u00fcche","Systemfehler"],"inLanguage":"de","potentialAction":[{"@type":"CommentAction","name":"Comment","target":["https:\/\/www.inkultura-online.de\/politisch_unkorrekt\/frank-ulrich-montgomery-und-das-uebernormale\/#respond"]}]},{"@type":"WebPage","@id":"https:\/\/www.inkultura-online.de\/politisch_unkorrekt\/frank-ulrich-montgomery-und-das-uebernormale\/","url":"https:\/\/www.inkultura-online.de\/politisch_unkorrekt\/frank-ulrich-montgomery-und-das-uebernormale\/","name":"Frank-Ulrich Montgomery und das \u00dcbernormale - Zeitgeist? Frei!","isPartOf":{"@id":"https:\/\/www.inkultura-online.de\/politisch_unkorrekt\/#website"},"datePublished":"2015-12-31T15:25:58+00:00","breadcrumb":{"@id":"https:\/\/www.inkultura-online.de\/politisch_unkorrekt\/frank-ulrich-montgomery-und-das-uebernormale\/#breadcrumb"},"inLanguage":"de","potentialAction":[{"@type":"ReadAction","target":["https:\/\/www.inkultura-online.de\/politisch_unkorrekt\/frank-ulrich-montgomery-und-das-uebernormale\/"]}]},{"@type":"BreadcrumbList","@id":"https:\/\/www.inkultura-online.de\/politisch_unkorrekt\/frank-ulrich-montgomery-und-das-uebernormale\/#breadcrumb","itemListElement":[{"@type":"ListItem","position":1,"name":"Home","item":"https:\/\/www.inkultura-online.de\/politisch_unkorrekt\/"},{"@type":"ListItem","position":2,"name":"Frank-Ulrich Montgomery und das \u00dcbernormale"}]},{"@type":"WebSite","@id":"https:\/\/www.inkultura-online.de\/politisch_unkorrekt\/#website","url":"https:\/\/www.inkultura-online.de\/politisch_unkorrekt\/","name":"Zeitgeist? Frei!","description":"Was Ihr den Geist der Zeiten hei\u00dft...","publisher":{"@id":"https:\/\/www.inkultura-online.de\/politisch_unkorrekt\/#\/schema\/person\/5b30b80e385478896a1de221e1994d86"},"potentialAction":[{"@type":"SearchAction","target":{"@type":"EntryPoint","urlTemplate":"https:\/\/www.inkultura-online.de\/politisch_unkorrekt\/?s={search_term_string}"},"query-input":{"@type":"PropertyValueSpecification","valueRequired":true,"valueName":"search_term_string"}}],"inLanguage":"de"},{"@type":["Person","Organization"],"@id":"https:\/\/www.inkultura-online.de\/politisch_unkorrekt\/#\/schema\/person\/5b30b80e385478896a1de221e1994d86","name":"Orator","image":{"@type":"ImageObject","inLanguage":"de","@id":"https:\/\/secure.gravatar.com\/avatar\/96e03166d31716e9c437060430eb7605c45a8ce6fb6dab483637ca6915dd0844?s=96&d=mm&r=g","url":"https:\/\/secure.gravatar.com\/avatar\/96e03166d31716e9c437060430eb7605c45a8ce6fb6dab483637ca6915dd0844?s=96&d=mm&r=g","contentUrl":"https:\/\/secure.gravatar.com\/avatar\/96e03166d31716e9c437060430eb7605c45a8ce6fb6dab483637ca6915dd0844?s=96&d=mm&r=g","caption":"Orator"},"logo":{"@id":"https:\/\/secure.gravatar.com\/avatar\/96e03166d31716e9c437060430eb7605c45a8ce6fb6dab483637ca6915dd0844?s=96&d=mm&r=g"},"url":"https:\/\/www.inkultura-online.de\/politisch_unkorrekt\/author\/1korrektor21-2\/"}]}},"_links":{"self":[{"href":"https:\/\/www.inkultura-online.de\/politisch_unkorrekt\/wp-json\/wp\/v2\/posts\/897","targetHints":{"allow":["GET"]}}],"collection":[{"href":"https:\/\/www.inkultura-online.de\/politisch_unkorrekt\/wp-json\/wp\/v2\/posts"}],"about":[{"href":"https:\/\/www.inkultura-online.de\/politisch_unkorrekt\/wp-json\/wp\/v2\/types\/post"}],"author":[{"embeddable":true,"href":"https:\/\/www.inkultura-online.de\/politisch_unkorrekt\/wp-json\/wp\/v2\/users\/1"}],"replies":[{"embeddable":true,"href":"https:\/\/www.inkultura-online.de\/politisch_unkorrekt\/wp-json\/wp\/v2\/comments?post=897"}],"version-history":[{"count":1,"href":"https:\/\/www.inkultura-online.de\/politisch_unkorrekt\/wp-json\/wp\/v2\/posts\/897\/revisions"}],"predecessor-version":[{"id":898,"href":"https:\/\/www.inkultura-online.de\/politisch_unkorrekt\/wp-json\/wp\/v2\/posts\/897\/revisions\/898"}],"wp:attachment":[{"href":"https:\/\/www.inkultura-online.de\/politisch_unkorrekt\/wp-json\/wp\/v2\/media?parent=897"}],"wp:term":[{"taxonomy":"category","embeddable":true,"href":"https:\/\/www.inkultura-online.de\/politisch_unkorrekt\/wp-json\/wp\/v2\/categories?post=897"},{"taxonomy":"post_tag","embeddable":true,"href":"https:\/\/www.inkultura-online.de\/politisch_unkorrekt\/wp-json\/wp\/v2\/tags?post=897"}],"curies":[{"name":"wp","href":"https:\/\/api.w.org\/{rel}","templated":true}]}}