{"id":900,"date":"2016-01-05T17:59:08","date_gmt":"2016-01-05T15:59:08","guid":{"rendered":"http:\/\/www.inkultura-online.de\/politisch_unkorrekt\/?p=900"},"modified":"2016-01-05T17:59:08","modified_gmt":"2016-01-05T15:59:08","slug":"die-politiker-haben-einmal-recht-behalten","status":"publish","type":"post","link":"https:\/\/www.inkultura-online.de\/politisch_unkorrekt\/die-politiker-haben-einmal-recht-behalten\/","title":{"rendered":"Die Politiker haben (einmal) recht behalten"},"content":{"rendered":"<p>Unsere Politiker, die aufgrund ihrer Auslieferung Deutschlands an illegale Landnehmer getrost nur noch Volksverr\u00e4ter genannt werden d\u00fcrfen, haben mit einer einzigen Prognose recht behalten. W\u00e4hrend deren Gelaber von der Sicherheit und Stabilit\u00e4t des Euro, dem Geschwafel \u00fcber die Umstellung des Industriestandortes Deutschland auf alternative Energie und dem Ges\u00fclze bez\u00fcglich den von der Wirtschaft dringend ben\u00f6tigten Fachkr\u00e4ften, rekrutiert aus der Masse der unser Land \u00fcberfallenden ungebildeten Horden, sich als pures Wunschdenken erwiesen hat, lagen sie, durch die aktuellen Vorf\u00e4lle l\u00e4ngst den Charakter einer unverhohlenen Drohung erhalten habend, einmal vollkommen richtig.<!--more--><\/p>\n<p><em>\u201eDeutschland wird sich ver\u00e4ndern\u201c<\/em>, so t\u00f6nten die Volksverr\u00e4ter angesichts der Millionen illegalen Eindringlinge, die unsere Grenzen \u00fcberschritten haben. Alle Politiker der LinksRotGr\u00fcnSchwarzen Koalition \u00fcberboten sich mit vor Entz\u00fccken verdrehten Augen darin, die Vorteile der \u201eZuwanderer\u201c zu preisen. Einer derjenigen, der mit an Perversit\u00e4t grenzendem Irrsinn die vorwiegend muslimischen Landnehmer mit einem lauten <em>\u201eInschallah\u201c<\/em> begr\u00fc\u00dfte, war der Ministerpr\u00e4sident des Freistaates Th\u00fcringen, Bodo Ramelow, der sich \u00fcber die Bedeutung seines Gru\u00dfes in Richtung Illegale wohl nicht bewusst gewesen ist. \u201eSo Gott will\u201c, lautet die \u00dcbersetzung des Ramelow`schen Gru\u00dfes und hei\u00dft im Umkehrschluss, dass fortan nicht mehr Recht und Gesetz in unserem Land gelten sollen, sondern, Ramelow ist hier bereits vollkommen in der Ver\u00e4nderung der Bundesrepublik angekommen, nur noch der Wille Allahs. (An den Namen des Volksverr\u00e4ters Ramelow und dessen Br\u00fcder und Schwestern im Ungeist wird man sich zu gegebener Zeit erinnern&#8230;)<\/p>\n<p>Seit der Silvesternacht wei\u00df auch der Rest von uns Autochthonen, wie sich unsere Heimat ver\u00e4ndern wird. Horden von \u201eschwer traumatisierten Fl\u00fcchtlingen\u201c, so die offizielle Hofberichterstattung, machten in den Gro\u00dfst\u00e4dten Jagd auf M\u00e4dchen und Frauen und vergriffen sich an ihnen &#8211; unter den teilweise hilflosen Blicken deutscher Ordnungsh\u00fcter. Nun ist es ja ein Kennzeichen zerfallener Staaten, dass die Staatsmacht eben keine Macht mehr hat, Recht und Gesetz zu garantieren. Insofern agierten die nordafrikanisch-muslimischen Meuten historisch gesehen vollkommen logisch. Noch in jeder Epoche, in der einstmals gro\u00dfe Staaten zerfielen, erheben sich diejenigen, die vor Vitalit\u00e4t strotzen und machen sich den weiblichen Teil des zugrunde gehenden Volkes zu eigen. Zuletzt mussten das die deutschen Frauen im Einzugsbereich der nach Westen dr\u00e4ngenden Roten Armee erleben und jetzt, im Jahr 2016, erleiden deutsche Frauen und M\u00e4dchen das gleiche Schicksal. Diesmal allerdings ver\u00fcbt von muslimischem Pack, das sich dank unserer Volksverr\u00e4ter bereits jetzt als der neue Herr des Landes erweist.<\/p>\n<p>Doch nicht nur die Invasoren machen sich, legt man denn unser immer noch vorhandenes Recht zugrunde, schuldig, sondern in einem weitaus gr\u00f6\u00dferen Rahmen die als Politiker getarnten Volksverr\u00e4ter und ihre Claqueure in den Medien. Letztere haben nur unter gro\u00dfen Anstrengungen, die Herkunft der T\u00e4ter zu verschweigen und mit gro\u00dfer Versp\u00e4tung von den Massen\u00fcbergriffen auf deutsche Frauen berichtet. Erst als die Bilder dieser Schandtaten von zum Gl\u00fcck noch vorhandenen unabh\u00e4ngigen Medien im Netz auftauchten, war die Hofberichterstattung gezwungen, ihrerseits, aber unter krampfhaften Bem\u00fchungen, die Taten im wahrsten Sinn \u201eklein\u201c zu schreiben, Bericht zu erstatten.<\/p>\n<p>Dabei, ohne die sexuellen \u00dcbergriffe dauergeiler muslimischer Invasoren aus Nordafrika relativieren zu wollen, ist es deren genetisch vorprogrammiertes nat\u00fcrliches biologistisches Verhalten, das zu diesen, f\u00fcr unser Kulturverst\u00e4ndnis unvorstellbaren Taten f\u00fchrt. Der sogar von seiner eigenen Partei f\u00fcr seine diesbez\u00fcglichen Aussagen \u00fcber afrikanisches Fortpflanzungsverhalten gema\u00dfregelte Bj\u00f6rn H\u00f6cke, lag soweit nicht von der Realit\u00e4t entfernt.<\/p>\n<p>Schade nur, dass all die \u201eFl\u00fcchtlingsversteher\u201c und \u201eRefugees welcome\u201c Rufer der ersten und zweiten politischen Riege wohl leider niemals direkt mit praktiziertem muslimischen Balzverhalten konfrontiert werden. All die G\u00f6ring-Eckardts, die K\u00e4\u00dfmanns, die Roths, die Kahanes, aber auch die Gaucks, die Becks und die Ramelows der Republik, nicht zu vergessen die \u201eGr\u00f6\u00dfte Kanzlerin aller Zeiten\u201c, Gr\u00f6KaZ Merkel, sind aufgrund ihres Lebens in der politischen Parallelwelt und dem dort praktizierten Personenschutz vor sexuellen \u00dcbergriffen gesch\u00fctzt.<\/p>\n<p>Obwohl, man sehe mir diese b\u00f6se Bemerkung nach, aber die politischen Kretins, die uns die muslimische Invasion beschert haben, haben ihrerseits kein Recht mehr auf h\u00f6fliche Schonung, manche der eben genannten weiblichen Unpersonen hoffen, da sie aufgrund ihrer H\u00e4sslichkeit keinen normalen deutschen Mann abkriegen, sie h\u00e4tten vielleicht irgendwann das Gl\u00fcck, wenigstens von einer afrikanischen Lanze penetriert zu werden. Auch die m\u00e4nnlichen, nicht weniger unansehnlichen Figuren wie Volker Beck und Konsorten finden dann bestimmt auch mal einen arabisch-afrikanischen Freund des analen Koitus. Der soll ja gerade unter den zahlreichen Anh\u00e4ngern Allahs sehr beliebt sein. Ende der b\u00f6sen Bemerkungen!<\/p>\n<p>Mit jedem dingfest \u2013 wenn es das \u00fcberhaupt gibt &#8211; gemachten afrikanischen Sexualbel\u00e4stiger sollten mindestens ein Volksverr\u00e4ter und ein n\u00fctzlicher Idiot vor Gericht gestellt werden, denn letztere sind nicht weniger f\u00fcr die Taten verantwortlich, als die dauergeilen Moslems. Afrikaner muslimischen Glaubens machen das bei uns, was sie auch in ihren Heimatl\u00e4ndern schon immer taten; sich Frauen, auch gegen deren Willen zu bem\u00e4chtigen (Siehe H\u00f6cke). Die sind, wie l\u00e4ufige H\u00fcndinnen, dank ihres biologisch verankerten Verhaltens nun einmal so.<\/p>\n<p>Deren Unterst\u00fctzer in der deutschen Politik und im Volk sind allerdings sehr wohl f\u00fcr die sexuellen Angriffe auf deutsche M\u00e4dchen und Frauen verantwortlich zu machen, denn die Volksverr\u00e4ter und die \u201eRefugee-Supporter\u201c sind die wahren geistigen Brandstifter der Republik. Und die geh\u00f6ren als erste vor Gericht gestellt.<\/p>\n<p>Liebe Volksverr\u00e4ter, der &#8222;Kampf gegen Rechts&#8220; muss unbedingt und gnadenlos ausgeweitet werden. Unsere einzige Chance auf \u00dcberleben.<\/p>\n","protected":false},"excerpt":{"rendered":"<p>Unsere Politiker, die aufgrund ihrer Auslieferung Deutschlands an illegale Landnehmer getrost nur noch Volksverr\u00e4ter genannt werden d\u00fcrfen, haben mit einer einzigen Prognose recht behalten. W\u00e4hrend deren Gelaber von der Sicherheit und Stabilit\u00e4t des Euro, dem Geschwafel \u00fcber die Umstellung des &hellip; <a href=\"https:\/\/www.inkultura-online.de\/politisch_unkorrekt\/die-politiker-haben-einmal-recht-behalten\/\">Weiterlesen <span class=\"meta-nav\">&rarr;<\/span><\/a><\/p>\n","protected":false},"author":1,"featured_media":0,"comment_status":"open","ping_status":"open","sticky":false,"template":"","format":"standard","meta":{"footnotes":""},"categories":[378,30,10,11],"tags":[520,519,79,225],"class_list":["post-900","post","type-post","status-publish","format-standard","hentry","category-denunzianten","category-so-siehts-aus","category-systemfehler","category-was-die-qualitaetspresse-gern-verschweigt","tag-afrikanisch-muslimische-horden","tag-dauergeile-moslems-groekaz","tag-fluechtlinge","tag-volksverraeter"],"yoast_head":"<!-- This site is optimized with the Yoast SEO plugin v27.5 - https:\/\/yoast.com\/product\/yoast-seo-wordpress\/ -->\n<title>Die Politiker haben (einmal) recht behalten - Zeitgeist? Frei!<\/title>\n<meta name=\"robots\" content=\"index, follow, max-snippet:-1, max-image-preview:large, max-video-preview:-1\" \/>\n<link rel=\"canonical\" href=\"https:\/\/www.inkultura-online.de\/politisch_unkorrekt\/die-politiker-haben-einmal-recht-behalten\/\" \/>\n<meta property=\"og:locale\" content=\"de_DE\" \/>\n<meta property=\"og:type\" content=\"article\" \/>\n<meta property=\"og:title\" content=\"Die Politiker haben (einmal) recht behalten - Zeitgeist? Frei!\" \/>\n<meta property=\"og:description\" content=\"Unsere Politiker, die aufgrund ihrer Auslieferung Deutschlands an illegale Landnehmer getrost nur noch Volksverr\u00e4ter genannt werden d\u00fcrfen, haben mit einer einzigen Prognose recht behalten. W\u00e4hrend deren Gelaber von der Sicherheit und Stabilit\u00e4t des Euro, dem Geschwafel \u00fcber die Umstellung des &hellip; Weiterlesen &rarr;\" \/>\n<meta property=\"og:url\" content=\"https:\/\/www.inkultura-online.de\/politisch_unkorrekt\/die-politiker-haben-einmal-recht-behalten\/\" \/>\n<meta property=\"og:site_name\" content=\"Zeitgeist? Frei!\" \/>\n<meta property=\"article:published_time\" content=\"2016-01-05T15:59:08+00:00\" \/>\n<meta name=\"author\" content=\"Orator\" \/>\n<meta name=\"twitter:label1\" content=\"Verfasst von\" \/>\n\t<meta name=\"twitter:data1\" content=\"Orator\" \/>\n\t<meta name=\"twitter:label2\" content=\"Gesch\u00e4tzte Lesezeit\" \/>\n\t<meta name=\"twitter:data2\" content=\"5\u00a0Minuten\" \/>\n<script type=\"application\/ld+json\" class=\"yoast-schema-graph\">{\"@context\":\"https:\\\/\\\/schema.org\",\"@graph\":[{\"@type\":\"Article\",\"@id\":\"https:\\\/\\\/www.inkultura-online.de\\\/politisch_unkorrekt\\\/die-politiker-haben-einmal-recht-behalten\\\/#article\",\"isPartOf\":{\"@id\":\"https:\\\/\\\/www.inkultura-online.de\\\/politisch_unkorrekt\\\/die-politiker-haben-einmal-recht-behalten\\\/\"},\"author\":{\"name\":\"Orator\",\"@id\":\"https:\\\/\\\/www.inkultura-online.de\\\/politisch_unkorrekt\\\/#\\\/schema\\\/person\\\/5b30b80e385478896a1de221e1994d86\"},\"headline\":\"Die Politiker haben (einmal) recht behalten\",\"datePublished\":\"2016-01-05T15:59:08+00:00\",\"mainEntityOfPage\":{\"@id\":\"https:\\\/\\\/www.inkultura-online.de\\\/politisch_unkorrekt\\\/die-politiker-haben-einmal-recht-behalten\\\/\"},\"wordCount\":929,\"commentCount\":0,\"publisher\":{\"@id\":\"https:\\\/\\\/www.inkultura-online.de\\\/politisch_unkorrekt\\\/#\\\/schema\\\/person\\\/5b30b80e385478896a1de221e1994d86\"},\"keywords\":[\"afrikanisch-muslimische Horden\",\"dauergeile Moslems. Gr\u00f6KaZ\",\"Fl\u00fcchtlinge\",\"Volksverr\u00e4ter\"],\"articleSection\":[\"Denunzianten und Volksverr\u00e4ter\",\"So sieht\u00b4s aus\",\"Systemfehler\",\"Was die \\\"Qualit\u00e4tspresse\\\" gern verschweigt\"],\"inLanguage\":\"de\",\"potentialAction\":[{\"@type\":\"CommentAction\",\"name\":\"Comment\",\"target\":[\"https:\\\/\\\/www.inkultura-online.de\\\/politisch_unkorrekt\\\/die-politiker-haben-einmal-recht-behalten\\\/#respond\"]}]},{\"@type\":\"WebPage\",\"@id\":\"https:\\\/\\\/www.inkultura-online.de\\\/politisch_unkorrekt\\\/die-politiker-haben-einmal-recht-behalten\\\/\",\"url\":\"https:\\\/\\\/www.inkultura-online.de\\\/politisch_unkorrekt\\\/die-politiker-haben-einmal-recht-behalten\\\/\",\"name\":\"Die Politiker haben (einmal) recht behalten - Zeitgeist? Frei!\",\"isPartOf\":{\"@id\":\"https:\\\/\\\/www.inkultura-online.de\\\/politisch_unkorrekt\\\/#website\"},\"datePublished\":\"2016-01-05T15:59:08+00:00\",\"breadcrumb\":{\"@id\":\"https:\\\/\\\/www.inkultura-online.de\\\/politisch_unkorrekt\\\/die-politiker-haben-einmal-recht-behalten\\\/#breadcrumb\"},\"inLanguage\":\"de\",\"potentialAction\":[{\"@type\":\"ReadAction\",\"target\":[\"https:\\\/\\\/www.inkultura-online.de\\\/politisch_unkorrekt\\\/die-politiker-haben-einmal-recht-behalten\\\/\"]}]},{\"@type\":\"BreadcrumbList\",\"@id\":\"https:\\\/\\\/www.inkultura-online.de\\\/politisch_unkorrekt\\\/die-politiker-haben-einmal-recht-behalten\\\/#breadcrumb\",\"itemListElement\":[{\"@type\":\"ListItem\",\"position\":1,\"name\":\"Home\",\"item\":\"https:\\\/\\\/www.inkultura-online.de\\\/politisch_unkorrekt\\\/\"},{\"@type\":\"ListItem\",\"position\":2,\"name\":\"Die Politiker haben (einmal) recht behalten\"}]},{\"@type\":\"WebSite\",\"@id\":\"https:\\\/\\\/www.inkultura-online.de\\\/politisch_unkorrekt\\\/#website\",\"url\":\"https:\\\/\\\/www.inkultura-online.de\\\/politisch_unkorrekt\\\/\",\"name\":\"Zeitgeist? Frei!\",\"description\":\"Was Ihr den Geist der Zeiten hei\u00dft...\",\"publisher\":{\"@id\":\"https:\\\/\\\/www.inkultura-online.de\\\/politisch_unkorrekt\\\/#\\\/schema\\\/person\\\/5b30b80e385478896a1de221e1994d86\"},\"potentialAction\":[{\"@type\":\"SearchAction\",\"target\":{\"@type\":\"EntryPoint\",\"urlTemplate\":\"https:\\\/\\\/www.inkultura-online.de\\\/politisch_unkorrekt\\\/?s={search_term_string}\"},\"query-input\":{\"@type\":\"PropertyValueSpecification\",\"valueRequired\":true,\"valueName\":\"search_term_string\"}}],\"inLanguage\":\"de\"},{\"@type\":[\"Person\",\"Organization\"],\"@id\":\"https:\\\/\\\/www.inkultura-online.de\\\/politisch_unkorrekt\\\/#\\\/schema\\\/person\\\/5b30b80e385478896a1de221e1994d86\",\"name\":\"Orator\",\"image\":{\"@type\":\"ImageObject\",\"inLanguage\":\"de\",\"@id\":\"https:\\\/\\\/secure.gravatar.com\\\/avatar\\\/96e03166d31716e9c437060430eb7605c45a8ce6fb6dab483637ca6915dd0844?s=96&d=mm&r=g\",\"url\":\"https:\\\/\\\/secure.gravatar.com\\\/avatar\\\/96e03166d31716e9c437060430eb7605c45a8ce6fb6dab483637ca6915dd0844?s=96&d=mm&r=g\",\"contentUrl\":\"https:\\\/\\\/secure.gravatar.com\\\/avatar\\\/96e03166d31716e9c437060430eb7605c45a8ce6fb6dab483637ca6915dd0844?s=96&d=mm&r=g\",\"caption\":\"Orator\"},\"logo\":{\"@id\":\"https:\\\/\\\/secure.gravatar.com\\\/avatar\\\/96e03166d31716e9c437060430eb7605c45a8ce6fb6dab483637ca6915dd0844?s=96&d=mm&r=g\"},\"url\":\"https:\\\/\\\/www.inkultura-online.de\\\/politisch_unkorrekt\\\/author\\\/1korrektor21-2\\\/\"}]}<\/script>\n<!-- \/ Yoast SEO plugin. -->","yoast_head_json":{"title":"Die Politiker haben (einmal) recht behalten - Zeitgeist? Frei!","robots":{"index":"index","follow":"follow","max-snippet":"max-snippet:-1","max-image-preview":"max-image-preview:large","max-video-preview":"max-video-preview:-1"},"canonical":"https:\/\/www.inkultura-online.de\/politisch_unkorrekt\/die-politiker-haben-einmal-recht-behalten\/","og_locale":"de_DE","og_type":"article","og_title":"Die Politiker haben (einmal) recht behalten - Zeitgeist? Frei!","og_description":"Unsere Politiker, die aufgrund ihrer Auslieferung Deutschlands an illegale Landnehmer getrost nur noch Volksverr\u00e4ter genannt werden d\u00fcrfen, haben mit einer einzigen Prognose recht behalten. W\u00e4hrend deren Gelaber von der Sicherheit und Stabilit\u00e4t des Euro, dem Geschwafel \u00fcber die Umstellung des &hellip; Weiterlesen &rarr;","og_url":"https:\/\/www.inkultura-online.de\/politisch_unkorrekt\/die-politiker-haben-einmal-recht-behalten\/","og_site_name":"Zeitgeist? Frei!","article_published_time":"2016-01-05T15:59:08+00:00","author":"Orator","twitter_misc":{"Verfasst von":"Orator","Gesch\u00e4tzte Lesezeit":"5\u00a0Minuten"},"schema":{"@context":"https:\/\/schema.org","@graph":[{"@type":"Article","@id":"https:\/\/www.inkultura-online.de\/politisch_unkorrekt\/die-politiker-haben-einmal-recht-behalten\/#article","isPartOf":{"@id":"https:\/\/www.inkultura-online.de\/politisch_unkorrekt\/die-politiker-haben-einmal-recht-behalten\/"},"author":{"name":"Orator","@id":"https:\/\/www.inkultura-online.de\/politisch_unkorrekt\/#\/schema\/person\/5b30b80e385478896a1de221e1994d86"},"headline":"Die Politiker haben (einmal) recht behalten","datePublished":"2016-01-05T15:59:08+00:00","mainEntityOfPage":{"@id":"https:\/\/www.inkultura-online.de\/politisch_unkorrekt\/die-politiker-haben-einmal-recht-behalten\/"},"wordCount":929,"commentCount":0,"publisher":{"@id":"https:\/\/www.inkultura-online.de\/politisch_unkorrekt\/#\/schema\/person\/5b30b80e385478896a1de221e1994d86"},"keywords":["afrikanisch-muslimische Horden","dauergeile Moslems. Gr\u00f6KaZ","Fl\u00fcchtlinge","Volksverr\u00e4ter"],"articleSection":["Denunzianten und Volksverr\u00e4ter","So sieht\u00b4s aus","Systemfehler","Was die \"Qualit\u00e4tspresse\" gern verschweigt"],"inLanguage":"de","potentialAction":[{"@type":"CommentAction","name":"Comment","target":["https:\/\/www.inkultura-online.de\/politisch_unkorrekt\/die-politiker-haben-einmal-recht-behalten\/#respond"]}]},{"@type":"WebPage","@id":"https:\/\/www.inkultura-online.de\/politisch_unkorrekt\/die-politiker-haben-einmal-recht-behalten\/","url":"https:\/\/www.inkultura-online.de\/politisch_unkorrekt\/die-politiker-haben-einmal-recht-behalten\/","name":"Die Politiker haben (einmal) recht behalten - Zeitgeist? Frei!","isPartOf":{"@id":"https:\/\/www.inkultura-online.de\/politisch_unkorrekt\/#website"},"datePublished":"2016-01-05T15:59:08+00:00","breadcrumb":{"@id":"https:\/\/www.inkultura-online.de\/politisch_unkorrekt\/die-politiker-haben-einmal-recht-behalten\/#breadcrumb"},"inLanguage":"de","potentialAction":[{"@type":"ReadAction","target":["https:\/\/www.inkultura-online.de\/politisch_unkorrekt\/die-politiker-haben-einmal-recht-behalten\/"]}]},{"@type":"BreadcrumbList","@id":"https:\/\/www.inkultura-online.de\/politisch_unkorrekt\/die-politiker-haben-einmal-recht-behalten\/#breadcrumb","itemListElement":[{"@type":"ListItem","position":1,"name":"Home","item":"https:\/\/www.inkultura-online.de\/politisch_unkorrekt\/"},{"@type":"ListItem","position":2,"name":"Die Politiker haben (einmal) recht behalten"}]},{"@type":"WebSite","@id":"https:\/\/www.inkultura-online.de\/politisch_unkorrekt\/#website","url":"https:\/\/www.inkultura-online.de\/politisch_unkorrekt\/","name":"Zeitgeist? Frei!","description":"Was Ihr den Geist der Zeiten hei\u00dft...","publisher":{"@id":"https:\/\/www.inkultura-online.de\/politisch_unkorrekt\/#\/schema\/person\/5b30b80e385478896a1de221e1994d86"},"potentialAction":[{"@type":"SearchAction","target":{"@type":"EntryPoint","urlTemplate":"https:\/\/www.inkultura-online.de\/politisch_unkorrekt\/?s={search_term_string}"},"query-input":{"@type":"PropertyValueSpecification","valueRequired":true,"valueName":"search_term_string"}}],"inLanguage":"de"},{"@type":["Person","Organization"],"@id":"https:\/\/www.inkultura-online.de\/politisch_unkorrekt\/#\/schema\/person\/5b30b80e385478896a1de221e1994d86","name":"Orator","image":{"@type":"ImageObject","inLanguage":"de","@id":"https:\/\/secure.gravatar.com\/avatar\/96e03166d31716e9c437060430eb7605c45a8ce6fb6dab483637ca6915dd0844?s=96&d=mm&r=g","url":"https:\/\/secure.gravatar.com\/avatar\/96e03166d31716e9c437060430eb7605c45a8ce6fb6dab483637ca6915dd0844?s=96&d=mm&r=g","contentUrl":"https:\/\/secure.gravatar.com\/avatar\/96e03166d31716e9c437060430eb7605c45a8ce6fb6dab483637ca6915dd0844?s=96&d=mm&r=g","caption":"Orator"},"logo":{"@id":"https:\/\/secure.gravatar.com\/avatar\/96e03166d31716e9c437060430eb7605c45a8ce6fb6dab483637ca6915dd0844?s=96&d=mm&r=g"},"url":"https:\/\/www.inkultura-online.de\/politisch_unkorrekt\/author\/1korrektor21-2\/"}]}},"_links":{"self":[{"href":"https:\/\/www.inkultura-online.de\/politisch_unkorrekt\/wp-json\/wp\/v2\/posts\/900","targetHints":{"allow":["GET"]}}],"collection":[{"href":"https:\/\/www.inkultura-online.de\/politisch_unkorrekt\/wp-json\/wp\/v2\/posts"}],"about":[{"href":"https:\/\/www.inkultura-online.de\/politisch_unkorrekt\/wp-json\/wp\/v2\/types\/post"}],"author":[{"embeddable":true,"href":"https:\/\/www.inkultura-online.de\/politisch_unkorrekt\/wp-json\/wp\/v2\/users\/1"}],"replies":[{"embeddable":true,"href":"https:\/\/www.inkultura-online.de\/politisch_unkorrekt\/wp-json\/wp\/v2\/comments?post=900"}],"version-history":[{"count":1,"href":"https:\/\/www.inkultura-online.de\/politisch_unkorrekt\/wp-json\/wp\/v2\/posts\/900\/revisions"}],"predecessor-version":[{"id":901,"href":"https:\/\/www.inkultura-online.de\/politisch_unkorrekt\/wp-json\/wp\/v2\/posts\/900\/revisions\/901"}],"wp:attachment":[{"href":"https:\/\/www.inkultura-online.de\/politisch_unkorrekt\/wp-json\/wp\/v2\/media?parent=900"}],"wp:term":[{"taxonomy":"category","embeddable":true,"href":"https:\/\/www.inkultura-online.de\/politisch_unkorrekt\/wp-json\/wp\/v2\/categories?post=900"},{"taxonomy":"post_tag","embeddable":true,"href":"https:\/\/www.inkultura-online.de\/politisch_unkorrekt\/wp-json\/wp\/v2\/tags?post=900"}],"curies":[{"name":"wp","href":"https:\/\/api.w.org\/{rel}","templated":true}]}}