{"id":904,"date":"2016-01-06T12:30:02","date_gmt":"2016-01-06T10:30:02","guid":{"rendered":"http:\/\/www.inkultura-online.de\/politisch_unkorrekt\/?p=904"},"modified":"2016-01-06T12:30:02","modified_gmt":"2016-01-06T10:30:02","slug":"wenn-der-minirock-zum-symbol-fuer-widerstand-wird","status":"publish","type":"post","link":"https:\/\/www.inkultura-online.de\/politisch_unkorrekt\/wenn-der-minirock-zum-symbol-fuer-widerstand-wird\/","title":{"rendered":"Wenn der Minirock zum Symbol f\u00fcr Widerstand wird"},"content":{"rendered":"<p>Die Abwiegler und Relativieren, kurz, die Islam- und Fl\u00fcchtlingsversteher sind wieder unterwegs. Was nach den massiven sexuellen \u00dcbergriffen nordafrikanischer und \u00fcberwiegend muslimischer M\u00e4nner auf deutsche Frauen, die einen fr\u00f6hlichen Silvesterabend verbringen wollten, zu erwarten war, ist auch eingetreten. Die zuk\u00fcnftigen Dhimmis praktizieren bereits jetzt das Unterwerfungsverhalten in Richtung der neuen Machthaber unseres Landes.<!--more--><\/p>\n<p>Um in Zukunft solche sexuellen Attacken zu vermeiden, sollen deutsche Frauen, so der Vorschlag, besser der Verhaltenscodex, von K\u00f6lns Oberb\u00fcrgermeisterin Henriette Reker, zu Fremden \u201eeine Arml\u00e4nge\u201c Abstand halten. Reker, die unl\u00e4ngst selber Opfer eines Messerattentats war, wurde anscheinend durch diese Tat schwer traumatisiert und leidet infolgedessen an einer geistigen St\u00f6rung, die daf\u00fcr verantwortlich sein muss, dass die partei- und nach dem Angriff wohl auch hirnlose Politikerin solch einen, allen betroffenen Frauen und Opfern muslimischer Gewaltanwendung eine Mitschuld an den Taten gebenden Vorschlag ausgesprochen hat.<\/p>\n<p>Auch in sog. feministischen Foren ist lautes Schweigen angesagt, da die T\u00e4ter wohl die, wie Birgit Kelle es so treffend ausdr\u00fcckte, die falschen waren. Soll hei\u00dfen, aus Gr\u00fcnden der politischen Korrektheit war es, so anscheinend das Denkmuster der von Mutter Natur mit wenig Anmut und noch weniger Liebreiz ausgestatteten K\u00e4mpferinnen f\u00fcr weibliche Selbstbestimmung, \u00e4u\u00dferst schade, dass es ausgerechnet die neuen Lieblinge, die \u201ewir kriechen euch bis zum Anschlag in den Arsch\u201c Figuren, die \u201eFl\u00fcchtling, Fl\u00fcchtling \u00fcber alles\u201c Kretins waren, die f\u00fcr die Angriffe auf deutsche Frauen verantwortlich sind.<\/p>\n<p>Nat\u00fcrlich darf auch die gr\u00fcne Oberkr\u00f6te Roth im Konzert der \u201eVersteher\u201c nicht fehlen. Die streitet es sogar ab, dass es ein Problem mit m\u00e4nnlichen, aus Nordafrika stammenden Moslems gibt und behauptet frech und bar jeden Wissens, dass die sexuellen Angriffe ein m\u00e4nnliches Problem per se darstellen. Nur Pech f\u00fcr dieses dumme St\u00fcck linksrotgr\u00fcn verquaster Ideologie, dass es eben keine deutschen M\u00e4nner waren die diese Frauen attackiert haben, sondern zum Gl\u00fcck die erkl\u00e4rten Lieblinge von Frau Roth. Vielleicht, und das ist mein Vorschlag, stellt sich diese unansehnliche Frau mal f\u00fcr einen Selbstversuch zur Verf\u00fcgung. Mal sehen, ob sie dann immer noch von einem rein m\u00e4nnlichen Problem schwafelt, wenn sie von einer Horde aus Nordafrika stammenden Moslems penetriert wird. M\u00f6glicherweise gef\u00e4llt es ihr ja sogar, von vor Vitalit\u00e4t und sexuellem Appetit strotzenden islamischen Jungm\u00e4nnern bestiegen zu werden. Dieser Frau ist jede Perversit\u00e4t zuzutrauen.<\/p>\n<p>Auch bei Claudia Keller klingeln die Alarmglocken. In einem Artikel des <a href=\"http:\/\/www.tagesspiegel.de\/politik\/uebergriffe-gegen-frauen-in-koeln-der-gau-auf-den-die-rechte-gewartet-hat\/12794270.html\" target=\"_blank\">Berliner Tagesspiegel <\/a>spricht sie von einem GAU \u2013 auf den, Frau Kellers realit\u00e4tsfremden Weltsicht geschuldet, die \u201eRechten gewartet haben\u201c. Nun verortet die \u201eJournalistin\u201c die \u201eRechten\u201c gewiss ausschlie\u00dflich bei denen, die nicht in ihr Jubelgeschrei angesichts der millionenfachen illegalen Landnahme einstimmen wollen \u2013 also garantiert zwei Drittel der Bev\u00f6lkerung.<\/p>\n<p>Wenn also, etwas \u00fcberspitzt ausgedr\u00fcckt, der Minirock zum Symbol des Widerstands gegen muslimische Invasoren wird, dann ist es h\u00f6chste Zeit die amtierenden Volksverr\u00e4ter zum Teufel zu jagen und sie durch Patrioten zu ersetzen. Leider kann das derzeitige Regime aufgrund dessen politisch-moralischer Verkommenheit nicht mehr von innen reformiert werden. Der Umschwung muss von au\u00dfen, durch uns B\u00fcrger gestartet werden. Keine Macht mehr den Merkels dieses Staates! Holen wir uns unsere Heimat wieder zur\u00fcck!<\/p>\n","protected":false},"excerpt":{"rendered":"<p>Die Abwiegler und Relativieren, kurz, die Islam- und Fl\u00fcchtlingsversteher sind wieder unterwegs. Was nach den massiven sexuellen \u00dcbergriffen nordafrikanischer und \u00fcberwiegend muslimischer M\u00e4nner auf deutsche Frauen, die einen fr\u00f6hlichen Silvesterabend verbringen wollten, zu erwarten war, ist auch eingetreten. Die zuk\u00fcnftigen &hellip; <a href=\"https:\/\/www.inkultura-online.de\/politisch_unkorrekt\/wenn-der-minirock-zum-symbol-fuer-widerstand-wird\/\">Weiterlesen <span class=\"meta-nav\">&rarr;<\/span><\/a><\/p>\n","protected":false},"author":1,"featured_media":0,"comment_status":"open","ping_status":"open","sticky":false,"template":"","format":"standard","meta":{"footnotes":""},"categories":[2,378,3,1,146,10],"tags":[230,341,524,523,525,225],"class_list":["post-904","post","type-post","status-publish","format-standard","hentry","category-antipathie","category-denunzianten","category-die-duemmsten-sprueche-der-woche","category-fundstuecke","category-keine-islamisierung","category-systemfehler","tag-illegale","tag-invasoren","tag-islamische-frauenfeindlichkeit","tag-moslemgewalt","tag-sexuelle-gewalt","tag-volksverraeter"],"yoast_head":"<!-- This site is optimized with the Yoast SEO plugin v27.5 - https:\/\/yoast.com\/product\/yoast-seo-wordpress\/ -->\n<title>Wenn der Minirock zum Symbol f\u00fcr Widerstand wird - Zeitgeist? Frei!<\/title>\n<meta name=\"robots\" content=\"index, follow, max-snippet:-1, max-image-preview:large, max-video-preview:-1\" \/>\n<link rel=\"canonical\" href=\"https:\/\/www.inkultura-online.de\/politisch_unkorrekt\/wenn-der-minirock-zum-symbol-fuer-widerstand-wird\/\" \/>\n<meta property=\"og:locale\" content=\"de_DE\" \/>\n<meta property=\"og:type\" content=\"article\" \/>\n<meta property=\"og:title\" content=\"Wenn der Minirock zum Symbol f\u00fcr Widerstand wird - Zeitgeist? Frei!\" \/>\n<meta property=\"og:description\" content=\"Die Abwiegler und Relativieren, kurz, die Islam- und Fl\u00fcchtlingsversteher sind wieder unterwegs. Was nach den massiven sexuellen \u00dcbergriffen nordafrikanischer und \u00fcberwiegend muslimischer M\u00e4nner auf deutsche Frauen, die einen fr\u00f6hlichen Silvesterabend verbringen wollten, zu erwarten war, ist auch eingetreten. Die zuk\u00fcnftigen &hellip; Weiterlesen &rarr;\" \/>\n<meta property=\"og:url\" content=\"https:\/\/www.inkultura-online.de\/politisch_unkorrekt\/wenn-der-minirock-zum-symbol-fuer-widerstand-wird\/\" \/>\n<meta property=\"og:site_name\" content=\"Zeitgeist? Frei!\" \/>\n<meta property=\"article:published_time\" content=\"2016-01-06T10:30:02+00:00\" \/>\n<meta name=\"author\" content=\"Orator\" \/>\n<meta name=\"twitter:label1\" content=\"Verfasst von\" \/>\n\t<meta name=\"twitter:data1\" content=\"Orator\" \/>\n\t<meta name=\"twitter:label2\" content=\"Gesch\u00e4tzte Lesezeit\" \/>\n\t<meta name=\"twitter:data2\" content=\"3\u00a0Minuten\" \/>\n<script type=\"application\/ld+json\" class=\"yoast-schema-graph\">{\"@context\":\"https:\\\/\\\/schema.org\",\"@graph\":[{\"@type\":\"Article\",\"@id\":\"https:\\\/\\\/www.inkultura-online.de\\\/politisch_unkorrekt\\\/wenn-der-minirock-zum-symbol-fuer-widerstand-wird\\\/#article\",\"isPartOf\":{\"@id\":\"https:\\\/\\\/www.inkultura-online.de\\\/politisch_unkorrekt\\\/wenn-der-minirock-zum-symbol-fuer-widerstand-wird\\\/\"},\"author\":{\"name\":\"Orator\",\"@id\":\"https:\\\/\\\/www.inkultura-online.de\\\/politisch_unkorrekt\\\/#\\\/schema\\\/person\\\/5b30b80e385478896a1de221e1994d86\"},\"headline\":\"Wenn der Minirock zum Symbol f\u00fcr Widerstand wird\",\"datePublished\":\"2016-01-06T10:30:02+00:00\",\"mainEntityOfPage\":{\"@id\":\"https:\\\/\\\/www.inkultura-online.de\\\/politisch_unkorrekt\\\/wenn-der-minirock-zum-symbol-fuer-widerstand-wird\\\/\"},\"wordCount\":552,\"commentCount\":0,\"publisher\":{\"@id\":\"https:\\\/\\\/www.inkultura-online.de\\\/politisch_unkorrekt\\\/#\\\/schema\\\/person\\\/5b30b80e385478896a1de221e1994d86\"},\"keywords\":[\"Illegale\",\"Invasoren\",\"islamische Frauenfeindlichkeit\",\"Moslemgewalt\",\"sexuelle Gewalt\",\"Volksverr\u00e4ter\"],\"articleSection\":[\"Antipathie\",\"Denunzianten und Volksverr\u00e4ter\",\"Die d\u00fcmmsten Spr\u00fcche der Woche\",\"Fundst\u00fccke\",\"Keine Islamisierung?\",\"Systemfehler\"],\"inLanguage\":\"de\",\"potentialAction\":[{\"@type\":\"CommentAction\",\"name\":\"Comment\",\"target\":[\"https:\\\/\\\/www.inkultura-online.de\\\/politisch_unkorrekt\\\/wenn-der-minirock-zum-symbol-fuer-widerstand-wird\\\/#respond\"]}]},{\"@type\":\"WebPage\",\"@id\":\"https:\\\/\\\/www.inkultura-online.de\\\/politisch_unkorrekt\\\/wenn-der-minirock-zum-symbol-fuer-widerstand-wird\\\/\",\"url\":\"https:\\\/\\\/www.inkultura-online.de\\\/politisch_unkorrekt\\\/wenn-der-minirock-zum-symbol-fuer-widerstand-wird\\\/\",\"name\":\"Wenn der Minirock zum Symbol f\u00fcr Widerstand wird - Zeitgeist? Frei!\",\"isPartOf\":{\"@id\":\"https:\\\/\\\/www.inkultura-online.de\\\/politisch_unkorrekt\\\/#website\"},\"datePublished\":\"2016-01-06T10:30:02+00:00\",\"breadcrumb\":{\"@id\":\"https:\\\/\\\/www.inkultura-online.de\\\/politisch_unkorrekt\\\/wenn-der-minirock-zum-symbol-fuer-widerstand-wird\\\/#breadcrumb\"},\"inLanguage\":\"de\",\"potentialAction\":[{\"@type\":\"ReadAction\",\"target\":[\"https:\\\/\\\/www.inkultura-online.de\\\/politisch_unkorrekt\\\/wenn-der-minirock-zum-symbol-fuer-widerstand-wird\\\/\"]}]},{\"@type\":\"BreadcrumbList\",\"@id\":\"https:\\\/\\\/www.inkultura-online.de\\\/politisch_unkorrekt\\\/wenn-der-minirock-zum-symbol-fuer-widerstand-wird\\\/#breadcrumb\",\"itemListElement\":[{\"@type\":\"ListItem\",\"position\":1,\"name\":\"Home\",\"item\":\"https:\\\/\\\/www.inkultura-online.de\\\/politisch_unkorrekt\\\/\"},{\"@type\":\"ListItem\",\"position\":2,\"name\":\"Wenn der Minirock zum Symbol f\u00fcr Widerstand wird\"}]},{\"@type\":\"WebSite\",\"@id\":\"https:\\\/\\\/www.inkultura-online.de\\\/politisch_unkorrekt\\\/#website\",\"url\":\"https:\\\/\\\/www.inkultura-online.de\\\/politisch_unkorrekt\\\/\",\"name\":\"Zeitgeist? Frei!\",\"description\":\"Was Ihr den Geist der Zeiten hei\u00dft...\",\"publisher\":{\"@id\":\"https:\\\/\\\/www.inkultura-online.de\\\/politisch_unkorrekt\\\/#\\\/schema\\\/person\\\/5b30b80e385478896a1de221e1994d86\"},\"potentialAction\":[{\"@type\":\"SearchAction\",\"target\":{\"@type\":\"EntryPoint\",\"urlTemplate\":\"https:\\\/\\\/www.inkultura-online.de\\\/politisch_unkorrekt\\\/?s={search_term_string}\"},\"query-input\":{\"@type\":\"PropertyValueSpecification\",\"valueRequired\":true,\"valueName\":\"search_term_string\"}}],\"inLanguage\":\"de\"},{\"@type\":[\"Person\",\"Organization\"],\"@id\":\"https:\\\/\\\/www.inkultura-online.de\\\/politisch_unkorrekt\\\/#\\\/schema\\\/person\\\/5b30b80e385478896a1de221e1994d86\",\"name\":\"Orator\",\"image\":{\"@type\":\"ImageObject\",\"inLanguage\":\"de\",\"@id\":\"https:\\\/\\\/secure.gravatar.com\\\/avatar\\\/96e03166d31716e9c437060430eb7605c45a8ce6fb6dab483637ca6915dd0844?s=96&d=mm&r=g\",\"url\":\"https:\\\/\\\/secure.gravatar.com\\\/avatar\\\/96e03166d31716e9c437060430eb7605c45a8ce6fb6dab483637ca6915dd0844?s=96&d=mm&r=g\",\"contentUrl\":\"https:\\\/\\\/secure.gravatar.com\\\/avatar\\\/96e03166d31716e9c437060430eb7605c45a8ce6fb6dab483637ca6915dd0844?s=96&d=mm&r=g\",\"caption\":\"Orator\"},\"logo\":{\"@id\":\"https:\\\/\\\/secure.gravatar.com\\\/avatar\\\/96e03166d31716e9c437060430eb7605c45a8ce6fb6dab483637ca6915dd0844?s=96&d=mm&r=g\"},\"url\":\"https:\\\/\\\/www.inkultura-online.de\\\/politisch_unkorrekt\\\/author\\\/1korrektor21-2\\\/\"}]}<\/script>\n<!-- \/ Yoast SEO plugin. -->","yoast_head_json":{"title":"Wenn der Minirock zum Symbol f\u00fcr Widerstand wird - Zeitgeist? Frei!","robots":{"index":"index","follow":"follow","max-snippet":"max-snippet:-1","max-image-preview":"max-image-preview:large","max-video-preview":"max-video-preview:-1"},"canonical":"https:\/\/www.inkultura-online.de\/politisch_unkorrekt\/wenn-der-minirock-zum-symbol-fuer-widerstand-wird\/","og_locale":"de_DE","og_type":"article","og_title":"Wenn der Minirock zum Symbol f\u00fcr Widerstand wird - Zeitgeist? Frei!","og_description":"Die Abwiegler und Relativieren, kurz, die Islam- und Fl\u00fcchtlingsversteher sind wieder unterwegs. Was nach den massiven sexuellen \u00dcbergriffen nordafrikanischer und \u00fcberwiegend muslimischer M\u00e4nner auf deutsche Frauen, die einen fr\u00f6hlichen Silvesterabend verbringen wollten, zu erwarten war, ist auch eingetreten. Die zuk\u00fcnftigen &hellip; Weiterlesen &rarr;","og_url":"https:\/\/www.inkultura-online.de\/politisch_unkorrekt\/wenn-der-minirock-zum-symbol-fuer-widerstand-wird\/","og_site_name":"Zeitgeist? Frei!","article_published_time":"2016-01-06T10:30:02+00:00","author":"Orator","twitter_misc":{"Verfasst von":"Orator","Gesch\u00e4tzte Lesezeit":"3\u00a0Minuten"},"schema":{"@context":"https:\/\/schema.org","@graph":[{"@type":"Article","@id":"https:\/\/www.inkultura-online.de\/politisch_unkorrekt\/wenn-der-minirock-zum-symbol-fuer-widerstand-wird\/#article","isPartOf":{"@id":"https:\/\/www.inkultura-online.de\/politisch_unkorrekt\/wenn-der-minirock-zum-symbol-fuer-widerstand-wird\/"},"author":{"name":"Orator","@id":"https:\/\/www.inkultura-online.de\/politisch_unkorrekt\/#\/schema\/person\/5b30b80e385478896a1de221e1994d86"},"headline":"Wenn der Minirock zum Symbol f\u00fcr Widerstand wird","datePublished":"2016-01-06T10:30:02+00:00","mainEntityOfPage":{"@id":"https:\/\/www.inkultura-online.de\/politisch_unkorrekt\/wenn-der-minirock-zum-symbol-fuer-widerstand-wird\/"},"wordCount":552,"commentCount":0,"publisher":{"@id":"https:\/\/www.inkultura-online.de\/politisch_unkorrekt\/#\/schema\/person\/5b30b80e385478896a1de221e1994d86"},"keywords":["Illegale","Invasoren","islamische Frauenfeindlichkeit","Moslemgewalt","sexuelle Gewalt","Volksverr\u00e4ter"],"articleSection":["Antipathie","Denunzianten und Volksverr\u00e4ter","Die d\u00fcmmsten Spr\u00fcche der Woche","Fundst\u00fccke","Keine Islamisierung?","Systemfehler"],"inLanguage":"de","potentialAction":[{"@type":"CommentAction","name":"Comment","target":["https:\/\/www.inkultura-online.de\/politisch_unkorrekt\/wenn-der-minirock-zum-symbol-fuer-widerstand-wird\/#respond"]}]},{"@type":"WebPage","@id":"https:\/\/www.inkultura-online.de\/politisch_unkorrekt\/wenn-der-minirock-zum-symbol-fuer-widerstand-wird\/","url":"https:\/\/www.inkultura-online.de\/politisch_unkorrekt\/wenn-der-minirock-zum-symbol-fuer-widerstand-wird\/","name":"Wenn der Minirock zum Symbol f\u00fcr Widerstand wird - Zeitgeist? Frei!","isPartOf":{"@id":"https:\/\/www.inkultura-online.de\/politisch_unkorrekt\/#website"},"datePublished":"2016-01-06T10:30:02+00:00","breadcrumb":{"@id":"https:\/\/www.inkultura-online.de\/politisch_unkorrekt\/wenn-der-minirock-zum-symbol-fuer-widerstand-wird\/#breadcrumb"},"inLanguage":"de","potentialAction":[{"@type":"ReadAction","target":["https:\/\/www.inkultura-online.de\/politisch_unkorrekt\/wenn-der-minirock-zum-symbol-fuer-widerstand-wird\/"]}]},{"@type":"BreadcrumbList","@id":"https:\/\/www.inkultura-online.de\/politisch_unkorrekt\/wenn-der-minirock-zum-symbol-fuer-widerstand-wird\/#breadcrumb","itemListElement":[{"@type":"ListItem","position":1,"name":"Home","item":"https:\/\/www.inkultura-online.de\/politisch_unkorrekt\/"},{"@type":"ListItem","position":2,"name":"Wenn der Minirock zum Symbol f\u00fcr Widerstand wird"}]},{"@type":"WebSite","@id":"https:\/\/www.inkultura-online.de\/politisch_unkorrekt\/#website","url":"https:\/\/www.inkultura-online.de\/politisch_unkorrekt\/","name":"Zeitgeist? Frei!","description":"Was Ihr den Geist der Zeiten hei\u00dft...","publisher":{"@id":"https:\/\/www.inkultura-online.de\/politisch_unkorrekt\/#\/schema\/person\/5b30b80e385478896a1de221e1994d86"},"potentialAction":[{"@type":"SearchAction","target":{"@type":"EntryPoint","urlTemplate":"https:\/\/www.inkultura-online.de\/politisch_unkorrekt\/?s={search_term_string}"},"query-input":{"@type":"PropertyValueSpecification","valueRequired":true,"valueName":"search_term_string"}}],"inLanguage":"de"},{"@type":["Person","Organization"],"@id":"https:\/\/www.inkultura-online.de\/politisch_unkorrekt\/#\/schema\/person\/5b30b80e385478896a1de221e1994d86","name":"Orator","image":{"@type":"ImageObject","inLanguage":"de","@id":"https:\/\/secure.gravatar.com\/avatar\/96e03166d31716e9c437060430eb7605c45a8ce6fb6dab483637ca6915dd0844?s=96&d=mm&r=g","url":"https:\/\/secure.gravatar.com\/avatar\/96e03166d31716e9c437060430eb7605c45a8ce6fb6dab483637ca6915dd0844?s=96&d=mm&r=g","contentUrl":"https:\/\/secure.gravatar.com\/avatar\/96e03166d31716e9c437060430eb7605c45a8ce6fb6dab483637ca6915dd0844?s=96&d=mm&r=g","caption":"Orator"},"logo":{"@id":"https:\/\/secure.gravatar.com\/avatar\/96e03166d31716e9c437060430eb7605c45a8ce6fb6dab483637ca6915dd0844?s=96&d=mm&r=g"},"url":"https:\/\/www.inkultura-online.de\/politisch_unkorrekt\/author\/1korrektor21-2\/"}]}},"_links":{"self":[{"href":"https:\/\/www.inkultura-online.de\/politisch_unkorrekt\/wp-json\/wp\/v2\/posts\/904","targetHints":{"allow":["GET"]}}],"collection":[{"href":"https:\/\/www.inkultura-online.de\/politisch_unkorrekt\/wp-json\/wp\/v2\/posts"}],"about":[{"href":"https:\/\/www.inkultura-online.de\/politisch_unkorrekt\/wp-json\/wp\/v2\/types\/post"}],"author":[{"embeddable":true,"href":"https:\/\/www.inkultura-online.de\/politisch_unkorrekt\/wp-json\/wp\/v2\/users\/1"}],"replies":[{"embeddable":true,"href":"https:\/\/www.inkultura-online.de\/politisch_unkorrekt\/wp-json\/wp\/v2\/comments?post=904"}],"version-history":[{"count":1,"href":"https:\/\/www.inkultura-online.de\/politisch_unkorrekt\/wp-json\/wp\/v2\/posts\/904\/revisions"}],"predecessor-version":[{"id":905,"href":"https:\/\/www.inkultura-online.de\/politisch_unkorrekt\/wp-json\/wp\/v2\/posts\/904\/revisions\/905"}],"wp:attachment":[{"href":"https:\/\/www.inkultura-online.de\/politisch_unkorrekt\/wp-json\/wp\/v2\/media?parent=904"}],"wp:term":[{"taxonomy":"category","embeddable":true,"href":"https:\/\/www.inkultura-online.de\/politisch_unkorrekt\/wp-json\/wp\/v2\/categories?post=904"},{"taxonomy":"post_tag","embeddable":true,"href":"https:\/\/www.inkultura-online.de\/politisch_unkorrekt\/wp-json\/wp\/v2\/tags?post=904"}],"curies":[{"name":"wp","href":"https:\/\/api.w.org\/{rel}","templated":true}]}}