{"id":921,"date":"2016-01-12T18:19:07","date_gmt":"2016-01-12T16:19:07","guid":{"rendered":"http:\/\/www.inkultura-online.de\/politisch_unkorrekt\/?p=921"},"modified":"2016-01-12T18:19:07","modified_gmt":"2016-01-12T16:19:07","slug":"feministisches-paralleluniversum","status":"publish","type":"post","link":"https:\/\/www.inkultura-online.de\/politisch_unkorrekt\/feministisches-paralleluniversum\/","title":{"rendered":"Feministisches Paralleluniversum"},"content":{"rendered":"<p>Lang, sehr lang, l\u00e4nger noch als die \u201eQualit\u00e4tsmedien\u201c, haben die \u201eFeministinnen\u201c gebraucht, bis sie zu den Angriffen des nordafrikanisch-syrischen Mobs auf Frauen in der Silvesternacht in K\u00f6ln reagiert haben. Jetzt hat sich der Organisierte Feminismus endlich zu Wort gemeldet und siehe da, die Damen leben in einem anderen Universum.<!--more--><\/p>\n<p>Es kann nicht sein, was nicht sein darf. Das zeigt die Reaktion der geballten FemPower, die, als w\u00e4ren die T\u00e4ter von K\u00f6ln keine islamisch gepr\u00e4gten Machotypen, denen es sowohl an Erziehung als auch Bildung mangelt, auf der Internetseite <a href=\"http:\/\/ausnahmslos.org\/\" target=\"_blank\">ausnahmslos.org<\/a> davon schwadroniert, sexuelle Gewalt gegen Frauen \u2013 Achtung Originalzitat &#8211; <i>\u201e\u2026 <\/i><i>darf nicht nur dann thematisiert werden, wenn die T\u00e4ter die vermeintlich \u201eAnderen&#8220; sind\u201c<\/i> Die \u201eAnderen\u201c, das sind in den Augen der FemFrauen <i>\u201edie muslimischen, arabischen, Schwarzen oder nordafrikanischen M\u00e4nner \u2013 kurzum, all jene, die rechte Populist_innen als \u201enicht deutsch\u201c verstehen.\u201c <\/i><\/p>\n<p>Damit ist die Katze aus dem Sack und wir auf einem Planeten des feministischen Paralleluniversums gelandet. Wie vor einiger Zeit die \u201eHolz vor der H\u00fctte\u201c Nicht-Aff\u00e4re um den altersdebilen Br\u00fcderle, der in weingeistiger Stimmung die Oberweite einer Journalistin kommentiert hat und daraufhin ein Sturm im Wasserglas stattfand, der au\u00dfer der Hardcore FemSzene niemand wirklich interessiert hat, wird jetzt das Pferd vom Schwanz her aufgesattelt und aus den Taten des islamischen Mobs ein, wie die gr\u00fcne Unke Roth es formuliert hat, typisch m\u00e4nnliches Problem konstruiert.<\/p>\n<p>So muss man der Entt\u00e4uschung dar\u00fcber, dass die T\u00e4ter von K\u00f6ln und vielen anderen St\u00e4dten der Bundesrepublik keine alten, wei\u00dfen, chauvinistischen und sexistischen M\u00e4nner gewesen sind, die in der Lesart moderner politisch-sexueller Verwirrung bekanntlich an allen \u00dcbeln der Welt schuldig sind, sondern ausgerechnet die erkl\u00e4rten Lieblinge wohl auch der radikalen FemKiezClique, die \u201eFl\u00fcchtlinge\u201c, die \u201eRefugees\u201c und die zuk\u00fcnftigen Fachkr\u00e4fte, Ausdruck verleihen und die Tatsachen verdrehen, bis, ganz in der Manier gut-menschlicher Realit\u00e4tsverweigerung, die eigentlichen T\u00e4ter \u2013 der nordafrikanisch-syrische Mob \u2013 hinter den rein fiktiven T\u00e4tern \u2013 wei\u00dfe M\u00e4nner \u2013 in den Hintergrund \u201eargumentiert\u201c werden und das wirkliche Problem, die Invasion Deutschlands durch muslimische Jungm\u00e4nner, in den Augen der Feministinnen zu einem typisch m\u00e4nnlichen Hang zur Gewalt definiert wird. Thema verfehlt. Sechs, setzen!<\/p>\n<p>Liest man auf der erw\u00e4hnten Internetseite allerdings etwas weiter, so wird klar, was das wirkliche Ziel der FemPower ist. Alle Frauen, die wohl weder Charme noch Liebreiz besitzen und die noch nicht in vom Steuerzahler gut entlohnten Forschungseinrichtungen, Instituten oder Lehrst\u00fchlen sitzen, wollen ebenfalls Jobs mit viel Tagesfreizeit und sicherem Gehalt bei wenig Arbeit ergattern. Deswegen rufen die Guten nach mehr, nach viel mehr Staat, damit auch die Absolventinnen von Orchideenf\u00e4chern wie Soziologie oder Gender(w)irrsinn zuk\u00fcnftig kommod leben k\u00f6nnen.<\/p>\n<p>M\u00e4dels, eines ist gewiss: F\u00fcr TypInnen wie ihr es seid, wird sich kein deutscher Mann in die Bresche werfen um euch vor Penetration durch Fickilanten zu bewahren. Die Suppe, die ihr euch eingef\u00fcllt habt, m\u00fcsst ihr auch allein ausl\u00f6ffeln. Auf, auf meine Damen. Im Karneval gibt es bestimmt wieder flei\u00dfige Finger. Aber die werden, wie in K\u00f6ln und anderswo, zu eurem Leidwesen einmal mehr nicht wei\u00df sein, sondern schwarz und braun. Von mir schon mal viel Spa\u00df dabei!<\/p>\n","protected":false},"excerpt":{"rendered":"<p>Lang, sehr lang, l\u00e4nger noch als die \u201eQualit\u00e4tsmedien\u201c, haben die \u201eFeministinnen\u201c gebraucht, bis sie zu den Angriffen des nordafrikanisch-syrischen Mobs auf Frauen in der Silvesternacht in K\u00f6ln reagiert haben. Jetzt hat sich der Organisierte Feminismus endlich zu Wort gemeldet und &hellip; <a href=\"https:\/\/www.inkultura-online.de\/politisch_unkorrekt\/feministisches-paralleluniversum\/\">Weiterlesen <span class=\"meta-nav\">&rarr;<\/span><\/a><\/p>\n","protected":false},"author":1,"featured_media":0,"comment_status":"open","ping_status":"open","sticky":false,"template":"","format":"standard","meta":{"footnotes":""},"categories":[3,1],"tags":[534,370,521],"class_list":["post-921","post","type-post","status-publish","format-standard","hentry","category-die-duemmsten-sprueche-der-woche","category-fundstuecke","tag-feministisches-paralleluniversum","tag-invasion","tag-islamischer-mob"],"yoast_head":"<!-- This site is optimized with the Yoast SEO plugin v27.5 - https:\/\/yoast.com\/product\/yoast-seo-wordpress\/ -->\n<title>Feministisches Paralleluniversum - Zeitgeist? Frei!<\/title>\n<meta name=\"robots\" content=\"index, follow, max-snippet:-1, max-image-preview:large, max-video-preview:-1\" \/>\n<link rel=\"canonical\" href=\"https:\/\/www.inkultura-online.de\/politisch_unkorrekt\/feministisches-paralleluniversum\/\" \/>\n<meta property=\"og:locale\" content=\"de_DE\" \/>\n<meta property=\"og:type\" content=\"article\" \/>\n<meta property=\"og:title\" content=\"Feministisches Paralleluniversum - Zeitgeist? Frei!\" \/>\n<meta property=\"og:description\" content=\"Lang, sehr lang, l\u00e4nger noch als die \u201eQualit\u00e4tsmedien\u201c, haben die \u201eFeministinnen\u201c gebraucht, bis sie zu den Angriffen des nordafrikanisch-syrischen Mobs auf Frauen in der Silvesternacht in K\u00f6ln reagiert haben. Jetzt hat sich der Organisierte Feminismus endlich zu Wort gemeldet und &hellip; Weiterlesen &rarr;\" \/>\n<meta property=\"og:url\" content=\"https:\/\/www.inkultura-online.de\/politisch_unkorrekt\/feministisches-paralleluniversum\/\" \/>\n<meta property=\"og:site_name\" content=\"Zeitgeist? Frei!\" \/>\n<meta property=\"article:published_time\" content=\"2016-01-12T16:19:07+00:00\" \/>\n<meta name=\"author\" content=\"Orator\" \/>\n<meta name=\"twitter:label1\" content=\"Verfasst von\" \/>\n\t<meta name=\"twitter:data1\" content=\"Orator\" \/>\n\t<meta name=\"twitter:label2\" content=\"Gesch\u00e4tzte Lesezeit\" \/>\n\t<meta name=\"twitter:data2\" content=\"3\u00a0Minuten\" \/>\n<script type=\"application\/ld+json\" class=\"yoast-schema-graph\">{\"@context\":\"https:\\\/\\\/schema.org\",\"@graph\":[{\"@type\":\"Article\",\"@id\":\"https:\\\/\\\/www.inkultura-online.de\\\/politisch_unkorrekt\\\/feministisches-paralleluniversum\\\/#article\",\"isPartOf\":{\"@id\":\"https:\\\/\\\/www.inkultura-online.de\\\/politisch_unkorrekt\\\/feministisches-paralleluniversum\\\/\"},\"author\":{\"name\":\"Orator\",\"@id\":\"https:\\\/\\\/www.inkultura-online.de\\\/politisch_unkorrekt\\\/#\\\/schema\\\/person\\\/5b30b80e385478896a1de221e1994d86\"},\"headline\":\"Feministisches Paralleluniversum\",\"datePublished\":\"2016-01-12T16:19:07+00:00\",\"mainEntityOfPage\":{\"@id\":\"https:\\\/\\\/www.inkultura-online.de\\\/politisch_unkorrekt\\\/feministisches-paralleluniversum\\\/\"},\"wordCount\":546,\"commentCount\":0,\"publisher\":{\"@id\":\"https:\\\/\\\/www.inkultura-online.de\\\/politisch_unkorrekt\\\/#\\\/schema\\\/person\\\/5b30b80e385478896a1de221e1994d86\"},\"keywords\":[\"Feministisches Paralleluniversum\",\"Invasion\",\"islamischer Mob\"],\"articleSection\":[\"Die d\u00fcmmsten Spr\u00fcche der Woche\",\"Fundst\u00fccke\"],\"inLanguage\":\"de\",\"potentialAction\":[{\"@type\":\"CommentAction\",\"name\":\"Comment\",\"target\":[\"https:\\\/\\\/www.inkultura-online.de\\\/politisch_unkorrekt\\\/feministisches-paralleluniversum\\\/#respond\"]}]},{\"@type\":\"WebPage\",\"@id\":\"https:\\\/\\\/www.inkultura-online.de\\\/politisch_unkorrekt\\\/feministisches-paralleluniversum\\\/\",\"url\":\"https:\\\/\\\/www.inkultura-online.de\\\/politisch_unkorrekt\\\/feministisches-paralleluniversum\\\/\",\"name\":\"Feministisches Paralleluniversum - Zeitgeist? Frei!\",\"isPartOf\":{\"@id\":\"https:\\\/\\\/www.inkultura-online.de\\\/politisch_unkorrekt\\\/#website\"},\"datePublished\":\"2016-01-12T16:19:07+00:00\",\"breadcrumb\":{\"@id\":\"https:\\\/\\\/www.inkultura-online.de\\\/politisch_unkorrekt\\\/feministisches-paralleluniversum\\\/#breadcrumb\"},\"inLanguage\":\"de\",\"potentialAction\":[{\"@type\":\"ReadAction\",\"target\":[\"https:\\\/\\\/www.inkultura-online.de\\\/politisch_unkorrekt\\\/feministisches-paralleluniversum\\\/\"]}]},{\"@type\":\"BreadcrumbList\",\"@id\":\"https:\\\/\\\/www.inkultura-online.de\\\/politisch_unkorrekt\\\/feministisches-paralleluniversum\\\/#breadcrumb\",\"itemListElement\":[{\"@type\":\"ListItem\",\"position\":1,\"name\":\"Home\",\"item\":\"https:\\\/\\\/www.inkultura-online.de\\\/politisch_unkorrekt\\\/\"},{\"@type\":\"ListItem\",\"position\":2,\"name\":\"Feministisches Paralleluniversum\"}]},{\"@type\":\"WebSite\",\"@id\":\"https:\\\/\\\/www.inkultura-online.de\\\/politisch_unkorrekt\\\/#website\",\"url\":\"https:\\\/\\\/www.inkultura-online.de\\\/politisch_unkorrekt\\\/\",\"name\":\"Zeitgeist? Frei!\",\"description\":\"Was Ihr den Geist der Zeiten hei\u00dft...\",\"publisher\":{\"@id\":\"https:\\\/\\\/www.inkultura-online.de\\\/politisch_unkorrekt\\\/#\\\/schema\\\/person\\\/5b30b80e385478896a1de221e1994d86\"},\"potentialAction\":[{\"@type\":\"SearchAction\",\"target\":{\"@type\":\"EntryPoint\",\"urlTemplate\":\"https:\\\/\\\/www.inkultura-online.de\\\/politisch_unkorrekt\\\/?s={search_term_string}\"},\"query-input\":{\"@type\":\"PropertyValueSpecification\",\"valueRequired\":true,\"valueName\":\"search_term_string\"}}],\"inLanguage\":\"de\"},{\"@type\":[\"Person\",\"Organization\"],\"@id\":\"https:\\\/\\\/www.inkultura-online.de\\\/politisch_unkorrekt\\\/#\\\/schema\\\/person\\\/5b30b80e385478896a1de221e1994d86\",\"name\":\"Orator\",\"image\":{\"@type\":\"ImageObject\",\"inLanguage\":\"de\",\"@id\":\"https:\\\/\\\/secure.gravatar.com\\\/avatar\\\/96e03166d31716e9c437060430eb7605c45a8ce6fb6dab483637ca6915dd0844?s=96&d=mm&r=g\",\"url\":\"https:\\\/\\\/secure.gravatar.com\\\/avatar\\\/96e03166d31716e9c437060430eb7605c45a8ce6fb6dab483637ca6915dd0844?s=96&d=mm&r=g\",\"contentUrl\":\"https:\\\/\\\/secure.gravatar.com\\\/avatar\\\/96e03166d31716e9c437060430eb7605c45a8ce6fb6dab483637ca6915dd0844?s=96&d=mm&r=g\",\"caption\":\"Orator\"},\"logo\":{\"@id\":\"https:\\\/\\\/secure.gravatar.com\\\/avatar\\\/96e03166d31716e9c437060430eb7605c45a8ce6fb6dab483637ca6915dd0844?s=96&d=mm&r=g\"},\"url\":\"https:\\\/\\\/www.inkultura-online.de\\\/politisch_unkorrekt\\\/author\\\/1korrektor21-2\\\/\"}]}<\/script>\n<!-- \/ Yoast SEO plugin. -->","yoast_head_json":{"title":"Feministisches Paralleluniversum - Zeitgeist? Frei!","robots":{"index":"index","follow":"follow","max-snippet":"max-snippet:-1","max-image-preview":"max-image-preview:large","max-video-preview":"max-video-preview:-1"},"canonical":"https:\/\/www.inkultura-online.de\/politisch_unkorrekt\/feministisches-paralleluniversum\/","og_locale":"de_DE","og_type":"article","og_title":"Feministisches Paralleluniversum - Zeitgeist? Frei!","og_description":"Lang, sehr lang, l\u00e4nger noch als die \u201eQualit\u00e4tsmedien\u201c, haben die \u201eFeministinnen\u201c gebraucht, bis sie zu den Angriffen des nordafrikanisch-syrischen Mobs auf Frauen in der Silvesternacht in K\u00f6ln reagiert haben. Jetzt hat sich der Organisierte Feminismus endlich zu Wort gemeldet und &hellip; Weiterlesen &rarr;","og_url":"https:\/\/www.inkultura-online.de\/politisch_unkorrekt\/feministisches-paralleluniversum\/","og_site_name":"Zeitgeist? Frei!","article_published_time":"2016-01-12T16:19:07+00:00","author":"Orator","twitter_misc":{"Verfasst von":"Orator","Gesch\u00e4tzte Lesezeit":"3\u00a0Minuten"},"schema":{"@context":"https:\/\/schema.org","@graph":[{"@type":"Article","@id":"https:\/\/www.inkultura-online.de\/politisch_unkorrekt\/feministisches-paralleluniversum\/#article","isPartOf":{"@id":"https:\/\/www.inkultura-online.de\/politisch_unkorrekt\/feministisches-paralleluniversum\/"},"author":{"name":"Orator","@id":"https:\/\/www.inkultura-online.de\/politisch_unkorrekt\/#\/schema\/person\/5b30b80e385478896a1de221e1994d86"},"headline":"Feministisches Paralleluniversum","datePublished":"2016-01-12T16:19:07+00:00","mainEntityOfPage":{"@id":"https:\/\/www.inkultura-online.de\/politisch_unkorrekt\/feministisches-paralleluniversum\/"},"wordCount":546,"commentCount":0,"publisher":{"@id":"https:\/\/www.inkultura-online.de\/politisch_unkorrekt\/#\/schema\/person\/5b30b80e385478896a1de221e1994d86"},"keywords":["Feministisches Paralleluniversum","Invasion","islamischer Mob"],"articleSection":["Die d\u00fcmmsten Spr\u00fcche der Woche","Fundst\u00fccke"],"inLanguage":"de","potentialAction":[{"@type":"CommentAction","name":"Comment","target":["https:\/\/www.inkultura-online.de\/politisch_unkorrekt\/feministisches-paralleluniversum\/#respond"]}]},{"@type":"WebPage","@id":"https:\/\/www.inkultura-online.de\/politisch_unkorrekt\/feministisches-paralleluniversum\/","url":"https:\/\/www.inkultura-online.de\/politisch_unkorrekt\/feministisches-paralleluniversum\/","name":"Feministisches Paralleluniversum - Zeitgeist? Frei!","isPartOf":{"@id":"https:\/\/www.inkultura-online.de\/politisch_unkorrekt\/#website"},"datePublished":"2016-01-12T16:19:07+00:00","breadcrumb":{"@id":"https:\/\/www.inkultura-online.de\/politisch_unkorrekt\/feministisches-paralleluniversum\/#breadcrumb"},"inLanguage":"de","potentialAction":[{"@type":"ReadAction","target":["https:\/\/www.inkultura-online.de\/politisch_unkorrekt\/feministisches-paralleluniversum\/"]}]},{"@type":"BreadcrumbList","@id":"https:\/\/www.inkultura-online.de\/politisch_unkorrekt\/feministisches-paralleluniversum\/#breadcrumb","itemListElement":[{"@type":"ListItem","position":1,"name":"Home","item":"https:\/\/www.inkultura-online.de\/politisch_unkorrekt\/"},{"@type":"ListItem","position":2,"name":"Feministisches Paralleluniversum"}]},{"@type":"WebSite","@id":"https:\/\/www.inkultura-online.de\/politisch_unkorrekt\/#website","url":"https:\/\/www.inkultura-online.de\/politisch_unkorrekt\/","name":"Zeitgeist? Frei!","description":"Was Ihr den Geist der Zeiten hei\u00dft...","publisher":{"@id":"https:\/\/www.inkultura-online.de\/politisch_unkorrekt\/#\/schema\/person\/5b30b80e385478896a1de221e1994d86"},"potentialAction":[{"@type":"SearchAction","target":{"@type":"EntryPoint","urlTemplate":"https:\/\/www.inkultura-online.de\/politisch_unkorrekt\/?s={search_term_string}"},"query-input":{"@type":"PropertyValueSpecification","valueRequired":true,"valueName":"search_term_string"}}],"inLanguage":"de"},{"@type":["Person","Organization"],"@id":"https:\/\/www.inkultura-online.de\/politisch_unkorrekt\/#\/schema\/person\/5b30b80e385478896a1de221e1994d86","name":"Orator","image":{"@type":"ImageObject","inLanguage":"de","@id":"https:\/\/secure.gravatar.com\/avatar\/96e03166d31716e9c437060430eb7605c45a8ce6fb6dab483637ca6915dd0844?s=96&d=mm&r=g","url":"https:\/\/secure.gravatar.com\/avatar\/96e03166d31716e9c437060430eb7605c45a8ce6fb6dab483637ca6915dd0844?s=96&d=mm&r=g","contentUrl":"https:\/\/secure.gravatar.com\/avatar\/96e03166d31716e9c437060430eb7605c45a8ce6fb6dab483637ca6915dd0844?s=96&d=mm&r=g","caption":"Orator"},"logo":{"@id":"https:\/\/secure.gravatar.com\/avatar\/96e03166d31716e9c437060430eb7605c45a8ce6fb6dab483637ca6915dd0844?s=96&d=mm&r=g"},"url":"https:\/\/www.inkultura-online.de\/politisch_unkorrekt\/author\/1korrektor21-2\/"}]}},"_links":{"self":[{"href":"https:\/\/www.inkultura-online.de\/politisch_unkorrekt\/wp-json\/wp\/v2\/posts\/921","targetHints":{"allow":["GET"]}}],"collection":[{"href":"https:\/\/www.inkultura-online.de\/politisch_unkorrekt\/wp-json\/wp\/v2\/posts"}],"about":[{"href":"https:\/\/www.inkultura-online.de\/politisch_unkorrekt\/wp-json\/wp\/v2\/types\/post"}],"author":[{"embeddable":true,"href":"https:\/\/www.inkultura-online.de\/politisch_unkorrekt\/wp-json\/wp\/v2\/users\/1"}],"replies":[{"embeddable":true,"href":"https:\/\/www.inkultura-online.de\/politisch_unkorrekt\/wp-json\/wp\/v2\/comments?post=921"}],"version-history":[{"count":1,"href":"https:\/\/www.inkultura-online.de\/politisch_unkorrekt\/wp-json\/wp\/v2\/posts\/921\/revisions"}],"predecessor-version":[{"id":922,"href":"https:\/\/www.inkultura-online.de\/politisch_unkorrekt\/wp-json\/wp\/v2\/posts\/921\/revisions\/922"}],"wp:attachment":[{"href":"https:\/\/www.inkultura-online.de\/politisch_unkorrekt\/wp-json\/wp\/v2\/media?parent=921"}],"wp:term":[{"taxonomy":"category","embeddable":true,"href":"https:\/\/www.inkultura-online.de\/politisch_unkorrekt\/wp-json\/wp\/v2\/categories?post=921"},{"taxonomy":"post_tag","embeddable":true,"href":"https:\/\/www.inkultura-online.de\/politisch_unkorrekt\/wp-json\/wp\/v2\/tags?post=921"}],"curies":[{"name":"wp","href":"https:\/\/api.w.org\/{rel}","templated":true}]}}