{"id":927,"date":"2016-01-13T20:51:17","date_gmt":"2016-01-13T18:51:17","guid":{"rendered":"http:\/\/www.inkultura-online.de\/politisch_unkorrekt\/?p=927"},"modified":"2016-01-13T20:58:16","modified_gmt":"2016-01-13T18:58:16","slug":"gruener-strom-wird-immer-teurer","status":"publish","type":"post","link":"https:\/\/www.inkultura-online.de\/politisch_unkorrekt\/gruener-strom-wird-immer-teurer\/","title":{"rendered":"Gr\u00fcner Strom wird immer teurer"},"content":{"rendered":"<p>Im Lauf der berechtigten Aufregung \u00fcber Merkels fatale \u201eFl\u00fcchtlingspolitik\u201c ist die ebenso absurde und von der Gr\u00f6KaZ per Ukas festgelegte Energiewende etwas aus dem Fokus der \u00f6ffentlichen Aufmerksamkeit geraten. Das ist schade, denn jetzt liegen Zahlen vor, die, wir erinnern uns, Bundeswirtschaftsminister Sigmar Gabriel versprach unl\u00e4ngst eine \u201eKostenwende\u201c durch die letzte EEG-Novelle, einmal mehr verdeutlichen, welchen teuren Irrsinn die B\u00fcrger unseres Landes durch diese Mittelm\u00e4\u00dfigkeit auf zwei Beinen, Bundeskanzlerin Merkel, die heimliche K\u00f6nigin Deutschlands, bezahlen m\u00fcssen.<!--more--><\/p>\n<p>Im Jahr 2015 wurden den Betreibern von Wind-, Photovoltaik- und Biogasanlagen 24,1 Milliarden Euro gezahlt. Wir erinnern uns einmal mehr, dass es die desastr\u00f6se Politik Merkels gewesen ist, die Einspeiseverg\u00fctungen f\u00fcr \u00d6kostrom gesetzlich festzulegen und damit die Anbieter aus dem Prozess marktwirtschaftlichen Handelns zu entlassen. Nicht Angebot und Nachfrage regeln jetzt die gr\u00fcnen Energiekosten, sondern wiederum ein Ukas der Gr\u00f6KaZ.<\/p>\n<p>Diese Frau wird langsam aber sicher zum Totengr\u00e4ber Deutschlands. W\u00e4hrend alle unserer europ\u00e4ischen Nachbarn auf Atomstrom setzen und neue Kraftwerke bauen oder alte wieder in Betrieb nehmen, lebt Merkels Gr\u00fcnland in der irrigen Annahme, ein Industriestandort wie Deutschland k\u00f6nne seinen Strombedarf mit Windr\u00e4dern oder sonstigen gr\u00fcnen Energiespinnereien decken.<\/p>\n<p>Wer bei den n\u00e4chsten Wahlen sein Kreuz wieder bei dem LinksRotGr\u00fcnSchwarzen Politkartell macht, der geh\u00f6rt in eine geschlossene Anstalt. Vielleicht, so meine Hoffnung, trifft er dort ja auf die K\u00f6nigin von Deutschland. Unser Land im Zeitalter der Energiewende: Idioz\u00e4n<\/p>\n","protected":false},"excerpt":{"rendered":"<p>Im Lauf der berechtigten Aufregung \u00fcber Merkels fatale \u201eFl\u00fcchtlingspolitik\u201c ist die ebenso absurde und von der Gr\u00f6KaZ per Ukas festgelegte Energiewende etwas aus dem Fokus der \u00f6ffentlichen Aufmerksamkeit geraten. Das ist schade, denn jetzt liegen Zahlen vor, die, wir erinnern &hellip; <a href=\"https:\/\/www.inkultura-online.de\/politisch_unkorrekt\/gruener-strom-wird-immer-teurer\/\">Weiterlesen <span class=\"meta-nav\">&rarr;<\/span><\/a><\/p>\n","protected":false},"author":1,"featured_media":0,"comment_status":"open","ping_status":"open","sticky":false,"template":"","format":"standard","meta":{"footnotes":""},"categories":[444,7,30,10],"tags":[421,64,538,540,539],"class_list":["post-927","post","type-post","status-publish","format-standard","hentry","category-gedanken-zum-tag","category-moderne-zeiten","category-so-siehts-aus","category-systemfehler","tag-energiewende","tag-groekaz","tag-gruener-strom","tag-idiozaen","tag-koenigin-von-deutschland"],"yoast_head":"<!-- This site is optimized with the Yoast SEO plugin v27.5 - https:\/\/yoast.com\/product\/yoast-seo-wordpress\/ -->\n<title>Gr\u00fcner Strom wird immer teurer - Zeitgeist? Frei!<\/title>\n<meta name=\"robots\" content=\"index, follow, max-snippet:-1, max-image-preview:large, max-video-preview:-1\" \/>\n<link rel=\"canonical\" href=\"https:\/\/www.inkultura-online.de\/politisch_unkorrekt\/gruener-strom-wird-immer-teurer\/\" \/>\n<meta property=\"og:locale\" content=\"de_DE\" \/>\n<meta property=\"og:type\" content=\"article\" \/>\n<meta property=\"og:title\" content=\"Gr\u00fcner Strom wird immer teurer - Zeitgeist? Frei!\" \/>\n<meta property=\"og:description\" content=\"Im Lauf der berechtigten Aufregung \u00fcber Merkels fatale \u201eFl\u00fcchtlingspolitik\u201c ist die ebenso absurde und von der Gr\u00f6KaZ per Ukas festgelegte Energiewende etwas aus dem Fokus der \u00f6ffentlichen Aufmerksamkeit geraten. Das ist schade, denn jetzt liegen Zahlen vor, die, wir erinnern &hellip; Weiterlesen &rarr;\" \/>\n<meta property=\"og:url\" content=\"https:\/\/www.inkultura-online.de\/politisch_unkorrekt\/gruener-strom-wird-immer-teurer\/\" \/>\n<meta property=\"og:site_name\" content=\"Zeitgeist? Frei!\" \/>\n<meta property=\"article:published_time\" content=\"2016-01-13T18:51:17+00:00\" \/>\n<meta property=\"article:modified_time\" content=\"2016-01-13T18:58:16+00:00\" \/>\n<meta name=\"author\" content=\"Orator\" \/>\n<meta name=\"twitter:label1\" content=\"Verfasst von\" \/>\n\t<meta name=\"twitter:data1\" content=\"Orator\" \/>\n\t<meta name=\"twitter:label2\" content=\"Gesch\u00e4tzte Lesezeit\" \/>\n\t<meta name=\"twitter:data2\" content=\"1\u00a0Minute\" \/>\n<script type=\"application\/ld+json\" class=\"yoast-schema-graph\">{\"@context\":\"https:\\\/\\\/schema.org\",\"@graph\":[{\"@type\":\"Article\",\"@id\":\"https:\\\/\\\/www.inkultura-online.de\\\/politisch_unkorrekt\\\/gruener-strom-wird-immer-teurer\\\/#article\",\"isPartOf\":{\"@id\":\"https:\\\/\\\/www.inkultura-online.de\\\/politisch_unkorrekt\\\/gruener-strom-wird-immer-teurer\\\/\"},\"author\":{\"name\":\"Orator\",\"@id\":\"https:\\\/\\\/www.inkultura-online.de\\\/politisch_unkorrekt\\\/#\\\/schema\\\/person\\\/5b30b80e385478896a1de221e1994d86\"},\"headline\":\"Gr\u00fcner Strom wird immer teurer\",\"datePublished\":\"2016-01-13T18:51:17+00:00\",\"dateModified\":\"2016-01-13T18:58:16+00:00\",\"mainEntityOfPage\":{\"@id\":\"https:\\\/\\\/www.inkultura-online.de\\\/politisch_unkorrekt\\\/gruener-strom-wird-immer-teurer\\\/\"},\"wordCount\":251,\"commentCount\":0,\"publisher\":{\"@id\":\"https:\\\/\\\/www.inkultura-online.de\\\/politisch_unkorrekt\\\/#\\\/schema\\\/person\\\/5b30b80e385478896a1de221e1994d86\"},\"keywords\":[\"Energiewende\",\"Gr\u00f6KaZ\",\"Gr\u00fcner Strom\",\"Idioz\u00e4n\",\"K\u00f6nigin von Deutschland\"],\"articleSection\":[\"Gedanken zum Tag\",\"Moderne Zeiten\",\"So sieht\u00b4s aus\",\"Systemfehler\"],\"inLanguage\":\"de\",\"potentialAction\":[{\"@type\":\"CommentAction\",\"name\":\"Comment\",\"target\":[\"https:\\\/\\\/www.inkultura-online.de\\\/politisch_unkorrekt\\\/gruener-strom-wird-immer-teurer\\\/#respond\"]}]},{\"@type\":\"WebPage\",\"@id\":\"https:\\\/\\\/www.inkultura-online.de\\\/politisch_unkorrekt\\\/gruener-strom-wird-immer-teurer\\\/\",\"url\":\"https:\\\/\\\/www.inkultura-online.de\\\/politisch_unkorrekt\\\/gruener-strom-wird-immer-teurer\\\/\",\"name\":\"Gr\u00fcner Strom wird immer teurer - Zeitgeist? Frei!\",\"isPartOf\":{\"@id\":\"https:\\\/\\\/www.inkultura-online.de\\\/politisch_unkorrekt\\\/#website\"},\"datePublished\":\"2016-01-13T18:51:17+00:00\",\"dateModified\":\"2016-01-13T18:58:16+00:00\",\"breadcrumb\":{\"@id\":\"https:\\\/\\\/www.inkultura-online.de\\\/politisch_unkorrekt\\\/gruener-strom-wird-immer-teurer\\\/#breadcrumb\"},\"inLanguage\":\"de\",\"potentialAction\":[{\"@type\":\"ReadAction\",\"target\":[\"https:\\\/\\\/www.inkultura-online.de\\\/politisch_unkorrekt\\\/gruener-strom-wird-immer-teurer\\\/\"]}]},{\"@type\":\"BreadcrumbList\",\"@id\":\"https:\\\/\\\/www.inkultura-online.de\\\/politisch_unkorrekt\\\/gruener-strom-wird-immer-teurer\\\/#breadcrumb\",\"itemListElement\":[{\"@type\":\"ListItem\",\"position\":1,\"name\":\"Home\",\"item\":\"https:\\\/\\\/www.inkultura-online.de\\\/politisch_unkorrekt\\\/\"},{\"@type\":\"ListItem\",\"position\":2,\"name\":\"Gr\u00fcner Strom wird immer teurer\"}]},{\"@type\":\"WebSite\",\"@id\":\"https:\\\/\\\/www.inkultura-online.de\\\/politisch_unkorrekt\\\/#website\",\"url\":\"https:\\\/\\\/www.inkultura-online.de\\\/politisch_unkorrekt\\\/\",\"name\":\"Zeitgeist? Frei!\",\"description\":\"Was Ihr den Geist der Zeiten hei\u00dft...\",\"publisher\":{\"@id\":\"https:\\\/\\\/www.inkultura-online.de\\\/politisch_unkorrekt\\\/#\\\/schema\\\/person\\\/5b30b80e385478896a1de221e1994d86\"},\"potentialAction\":[{\"@type\":\"SearchAction\",\"target\":{\"@type\":\"EntryPoint\",\"urlTemplate\":\"https:\\\/\\\/www.inkultura-online.de\\\/politisch_unkorrekt\\\/?s={search_term_string}\"},\"query-input\":{\"@type\":\"PropertyValueSpecification\",\"valueRequired\":true,\"valueName\":\"search_term_string\"}}],\"inLanguage\":\"de\"},{\"@type\":[\"Person\",\"Organization\"],\"@id\":\"https:\\\/\\\/www.inkultura-online.de\\\/politisch_unkorrekt\\\/#\\\/schema\\\/person\\\/5b30b80e385478896a1de221e1994d86\",\"name\":\"Orator\",\"image\":{\"@type\":\"ImageObject\",\"inLanguage\":\"de\",\"@id\":\"https:\\\/\\\/secure.gravatar.com\\\/avatar\\\/96e03166d31716e9c437060430eb7605c45a8ce6fb6dab483637ca6915dd0844?s=96&d=mm&r=g\",\"url\":\"https:\\\/\\\/secure.gravatar.com\\\/avatar\\\/96e03166d31716e9c437060430eb7605c45a8ce6fb6dab483637ca6915dd0844?s=96&d=mm&r=g\",\"contentUrl\":\"https:\\\/\\\/secure.gravatar.com\\\/avatar\\\/96e03166d31716e9c437060430eb7605c45a8ce6fb6dab483637ca6915dd0844?s=96&d=mm&r=g\",\"caption\":\"Orator\"},\"logo\":{\"@id\":\"https:\\\/\\\/secure.gravatar.com\\\/avatar\\\/96e03166d31716e9c437060430eb7605c45a8ce6fb6dab483637ca6915dd0844?s=96&d=mm&r=g\"},\"url\":\"https:\\\/\\\/www.inkultura-online.de\\\/politisch_unkorrekt\\\/author\\\/1korrektor21-2\\\/\"}]}<\/script>\n<!-- \/ Yoast SEO plugin. -->","yoast_head_json":{"title":"Gr\u00fcner Strom wird immer teurer - Zeitgeist? Frei!","robots":{"index":"index","follow":"follow","max-snippet":"max-snippet:-1","max-image-preview":"max-image-preview:large","max-video-preview":"max-video-preview:-1"},"canonical":"https:\/\/www.inkultura-online.de\/politisch_unkorrekt\/gruener-strom-wird-immer-teurer\/","og_locale":"de_DE","og_type":"article","og_title":"Gr\u00fcner Strom wird immer teurer - Zeitgeist? Frei!","og_description":"Im Lauf der berechtigten Aufregung \u00fcber Merkels fatale \u201eFl\u00fcchtlingspolitik\u201c ist die ebenso absurde und von der Gr\u00f6KaZ per Ukas festgelegte Energiewende etwas aus dem Fokus der \u00f6ffentlichen Aufmerksamkeit geraten. Das ist schade, denn jetzt liegen Zahlen vor, die, wir erinnern &hellip; Weiterlesen &rarr;","og_url":"https:\/\/www.inkultura-online.de\/politisch_unkorrekt\/gruener-strom-wird-immer-teurer\/","og_site_name":"Zeitgeist? Frei!","article_published_time":"2016-01-13T18:51:17+00:00","article_modified_time":"2016-01-13T18:58:16+00:00","author":"Orator","twitter_misc":{"Verfasst von":"Orator","Gesch\u00e4tzte Lesezeit":"1\u00a0Minute"},"schema":{"@context":"https:\/\/schema.org","@graph":[{"@type":"Article","@id":"https:\/\/www.inkultura-online.de\/politisch_unkorrekt\/gruener-strom-wird-immer-teurer\/#article","isPartOf":{"@id":"https:\/\/www.inkultura-online.de\/politisch_unkorrekt\/gruener-strom-wird-immer-teurer\/"},"author":{"name":"Orator","@id":"https:\/\/www.inkultura-online.de\/politisch_unkorrekt\/#\/schema\/person\/5b30b80e385478896a1de221e1994d86"},"headline":"Gr\u00fcner Strom wird immer teurer","datePublished":"2016-01-13T18:51:17+00:00","dateModified":"2016-01-13T18:58:16+00:00","mainEntityOfPage":{"@id":"https:\/\/www.inkultura-online.de\/politisch_unkorrekt\/gruener-strom-wird-immer-teurer\/"},"wordCount":251,"commentCount":0,"publisher":{"@id":"https:\/\/www.inkultura-online.de\/politisch_unkorrekt\/#\/schema\/person\/5b30b80e385478896a1de221e1994d86"},"keywords":["Energiewende","Gr\u00f6KaZ","Gr\u00fcner Strom","Idioz\u00e4n","K\u00f6nigin von Deutschland"],"articleSection":["Gedanken zum Tag","Moderne Zeiten","So sieht\u00b4s aus","Systemfehler"],"inLanguage":"de","potentialAction":[{"@type":"CommentAction","name":"Comment","target":["https:\/\/www.inkultura-online.de\/politisch_unkorrekt\/gruener-strom-wird-immer-teurer\/#respond"]}]},{"@type":"WebPage","@id":"https:\/\/www.inkultura-online.de\/politisch_unkorrekt\/gruener-strom-wird-immer-teurer\/","url":"https:\/\/www.inkultura-online.de\/politisch_unkorrekt\/gruener-strom-wird-immer-teurer\/","name":"Gr\u00fcner Strom wird immer teurer - Zeitgeist? Frei!","isPartOf":{"@id":"https:\/\/www.inkultura-online.de\/politisch_unkorrekt\/#website"},"datePublished":"2016-01-13T18:51:17+00:00","dateModified":"2016-01-13T18:58:16+00:00","breadcrumb":{"@id":"https:\/\/www.inkultura-online.de\/politisch_unkorrekt\/gruener-strom-wird-immer-teurer\/#breadcrumb"},"inLanguage":"de","potentialAction":[{"@type":"ReadAction","target":["https:\/\/www.inkultura-online.de\/politisch_unkorrekt\/gruener-strom-wird-immer-teurer\/"]}]},{"@type":"BreadcrumbList","@id":"https:\/\/www.inkultura-online.de\/politisch_unkorrekt\/gruener-strom-wird-immer-teurer\/#breadcrumb","itemListElement":[{"@type":"ListItem","position":1,"name":"Home","item":"https:\/\/www.inkultura-online.de\/politisch_unkorrekt\/"},{"@type":"ListItem","position":2,"name":"Gr\u00fcner Strom wird immer teurer"}]},{"@type":"WebSite","@id":"https:\/\/www.inkultura-online.de\/politisch_unkorrekt\/#website","url":"https:\/\/www.inkultura-online.de\/politisch_unkorrekt\/","name":"Zeitgeist? Frei!","description":"Was Ihr den Geist der Zeiten hei\u00dft...","publisher":{"@id":"https:\/\/www.inkultura-online.de\/politisch_unkorrekt\/#\/schema\/person\/5b30b80e385478896a1de221e1994d86"},"potentialAction":[{"@type":"SearchAction","target":{"@type":"EntryPoint","urlTemplate":"https:\/\/www.inkultura-online.de\/politisch_unkorrekt\/?s={search_term_string}"},"query-input":{"@type":"PropertyValueSpecification","valueRequired":true,"valueName":"search_term_string"}}],"inLanguage":"de"},{"@type":["Person","Organization"],"@id":"https:\/\/www.inkultura-online.de\/politisch_unkorrekt\/#\/schema\/person\/5b30b80e385478896a1de221e1994d86","name":"Orator","image":{"@type":"ImageObject","inLanguage":"de","@id":"https:\/\/secure.gravatar.com\/avatar\/96e03166d31716e9c437060430eb7605c45a8ce6fb6dab483637ca6915dd0844?s=96&d=mm&r=g","url":"https:\/\/secure.gravatar.com\/avatar\/96e03166d31716e9c437060430eb7605c45a8ce6fb6dab483637ca6915dd0844?s=96&d=mm&r=g","contentUrl":"https:\/\/secure.gravatar.com\/avatar\/96e03166d31716e9c437060430eb7605c45a8ce6fb6dab483637ca6915dd0844?s=96&d=mm&r=g","caption":"Orator"},"logo":{"@id":"https:\/\/secure.gravatar.com\/avatar\/96e03166d31716e9c437060430eb7605c45a8ce6fb6dab483637ca6915dd0844?s=96&d=mm&r=g"},"url":"https:\/\/www.inkultura-online.de\/politisch_unkorrekt\/author\/1korrektor21-2\/"}]}},"_links":{"self":[{"href":"https:\/\/www.inkultura-online.de\/politisch_unkorrekt\/wp-json\/wp\/v2\/posts\/927","targetHints":{"allow":["GET"]}}],"collection":[{"href":"https:\/\/www.inkultura-online.de\/politisch_unkorrekt\/wp-json\/wp\/v2\/posts"}],"about":[{"href":"https:\/\/www.inkultura-online.de\/politisch_unkorrekt\/wp-json\/wp\/v2\/types\/post"}],"author":[{"embeddable":true,"href":"https:\/\/www.inkultura-online.de\/politisch_unkorrekt\/wp-json\/wp\/v2\/users\/1"}],"replies":[{"embeddable":true,"href":"https:\/\/www.inkultura-online.de\/politisch_unkorrekt\/wp-json\/wp\/v2\/comments?post=927"}],"version-history":[{"count":2,"href":"https:\/\/www.inkultura-online.de\/politisch_unkorrekt\/wp-json\/wp\/v2\/posts\/927\/revisions"}],"predecessor-version":[{"id":929,"href":"https:\/\/www.inkultura-online.de\/politisch_unkorrekt\/wp-json\/wp\/v2\/posts\/927\/revisions\/929"}],"wp:attachment":[{"href":"https:\/\/www.inkultura-online.de\/politisch_unkorrekt\/wp-json\/wp\/v2\/media?parent=927"}],"wp:term":[{"taxonomy":"category","embeddable":true,"href":"https:\/\/www.inkultura-online.de\/politisch_unkorrekt\/wp-json\/wp\/v2\/categories?post=927"},{"taxonomy":"post_tag","embeddable":true,"href":"https:\/\/www.inkultura-online.de\/politisch_unkorrekt\/wp-json\/wp\/v2\/tags?post=927"}],"curies":[{"name":"wp","href":"https:\/\/api.w.org\/{rel}","templated":true}]}}