{"id":941,"date":"2016-01-16T16:29:51","date_gmt":"2016-01-16T14:29:51","guid":{"rendered":"http:\/\/www.inkultura-online.de\/politisch_unkorrekt\/?p=941"},"modified":"2016-01-16T16:29:51","modified_gmt":"2016-01-16T14:29:51","slug":"die-grenze-zur-senilitaet-laengst-ueberschritten","status":"publish","type":"post","link":"https:\/\/www.inkultura-online.de\/politisch_unkorrekt\/die-grenze-zur-senilitaet-laengst-ueberschritten\/","title":{"rendered":"Die Grenze zur Senilit\u00e4t l\u00e4ngst \u00fcberschritten"},"content":{"rendered":"<p>Wolfgang Sch\u00e4uble, der alte und verbitterte Bundesfinanzminister, der Milliarden deutschen Geldes in Richtung Bankenrettung transferiert hat, will jetzt getreu nach dem Motto <i>\u201eWir laden zur Party, die anderen sollen zahlen\u201c<\/i>, eine EU-weite Benzinsteuer erheben, die, wer h\u00e4tte das gedacht, zur Finanzierung der \u201eFl\u00fcchtlingskrise\u201c verwendet werden soll.<!--more--><\/p>\n<p>Man k\u00f6nnte nur noch in Lachkr\u00e4mpfe verfallen, angesichts der peinlichen Versuche deutscher Politiker, die L\u00e4nder der EU f\u00fcr die kriminelle Handlungsweise der Bundeskanzlerin in Haftung zu nehmen. Als die Gr\u00f6KaZ am 4. September 2015 mit erheblicher krimineller Energie s\u00e4mtliche Regeln und Gesetze bez\u00fcglich des Asylverfahrens au\u00dfer Kraft setzte und eine unvorstellbare Massenbewegung Richtung Deutschland in Kauf nahm, verursachte die inzwischen wie eine Monarchin agierende Person eine Krise, die durch die Weigerung anderer europ\u00e4ischer Staaten dem verantwortungslosen Irrsinn deutscher Politik zu folgen und hunderttausende kulturferne Invasoren die Grenzen ihre L\u00e4nder \u00fcberschreiten zu lassen, deren Dimension die herrschende Elite l\u00e4ngst aus den Augen verloren hat.<\/p>\n<p>Auch die Gr\u00f6KaZ wei\u00df darum, dass Deutschland trotz ihres \u201eWir schaffen das\u201c Mantras binnen kurzer Zeit mit der Masse der Einstr\u00f6menden \u00fcberlastet sein wird. Deshalb die an Schwachsinn nicht zu \u00fcberbietenden Versuche, die europ\u00e4ischen Nachbarn f\u00fcr die verfehlte Politik der deutschen Regierung in Haftung zu nehmen. Das Fl\u00fcchtlingsproblem ist, im Gegensatz zur ver\u00f6ffentlichten Meinung des polit-medialen Komplexes der Bundesrepublik kein europ\u00e4isches, sondern ausschlie\u00dflich ein deutsches, da das verantwortungslose Handeln der Kanzlerin das Problem erst verursacht hat.<\/p>\n<p>Die herrschende Elite wei\u00df genau, dass ihre Tage, sollte sie so weitermachen wie bisher, gez\u00e4hlt sind. Deshalb unternimmt Wolfgang Sch\u00e4uble den grenzdebilen Versuch, andere europ\u00e4ische Staaten f\u00fcr die Fehler Merkels zahlen zu lassen. Die werden euch Pack was husten. Schweden \u00e4ndert seine freiz\u00fcgige Einwanderungspolitik, nachdem es erkennen musste, dass die dortige islamische Parallelwelt erschreckende Ausma\u00dfe angenommen hat. Ob das Handeln der schwedischen Regierung die Situation entsch\u00e4rfen kann, bleibt allerdings fraglich, da die kritische Masse islamischer Subkultur l\u00e4ngst erreicht und der Punkt zum Umsteuern wahrscheinlich bereits \u00fcberschritten ist.<\/p>\n<p>Auch D\u00e4nemark beschr\u00e4nkt den Zuzug haupts\u00e4chlich moslemischer \u201eFl\u00fcchtlinge\u201c und L\u00e4nder wie Polen, Tschechien und Ungarn sind gar nicht bereit, Muslime in ihre L\u00e4nder zu lassen. Recht haben sie, denn wie die abschreckenden Beispiele islamischer Landnahme in Schweden, Frankreich, Gro\u00dfbritannien und Deutschland zeigen, scheitert die immer wieder vom polit-medialen Komplex beschworene Integration von Moslems auf ganzer Linie.<\/p>\n<p>Der Islam, betrachtet man dessen globales Vordringen und seinen immer st\u00e4rker werdenden Machtanspruch will nichts weniger als Integration. Sein Ziel, und daf\u00fcr stehen trotz anderslautenden Lippenbekenntnissen die vielen Islamlobbyisten Deutschlands, ist die Okkupation der L\u00e4nder, in denen der Anteil von Moslems eine Gr\u00f6\u00dfe angenommen hat, die, zus\u00e4tzlich verst\u00e4rkt durch die Geburtenfreudigkeit islamischer Frauen und den von der Politik initiierten Familiennachzug von \u201eFl\u00fcchtlingen\u201c, bald nicht mehr zu verhindern ist.<\/p>\n<p>Wenn Merkel und Sch\u00e4uble jetzt von unseren europ\u00e4ischen Nachbarn Solidarit\u00e4t in Form von Euronen verlangen, dann hei\u00dft das nichts anderes, als dass sie sp\u00fcren, dass ihre Tage gez\u00e4hlt sind. Je schneller das jetzige System kollabiert, desto schneller kann ein Neuanfang gestartet werden. Und der sollte damit beginnen, den jetzt noch amtierenden Volksverr\u00e4tern wegen ihrer kriminellen Handlungen den Prozess zu machen.<\/p>\n","protected":false},"excerpt":{"rendered":"<p>Wolfgang Sch\u00e4uble, der alte und verbitterte Bundesfinanzminister, der Milliarden deutschen Geldes in Richtung Bankenrettung transferiert hat, will jetzt getreu nach dem Motto \u201eWir laden zur Party, die anderen sollen zahlen\u201c, eine EU-weite Benzinsteuer erheben, die, wer h\u00e4tte das gedacht, zur &hellip; <a href=\"https:\/\/www.inkultura-online.de\/politisch_unkorrekt\/die-grenze-zur-senilitaet-laengst-ueberschritten\/\">Weiterlesen <span class=\"meta-nav\">&rarr;<\/span><\/a><\/p>\n","protected":false},"author":1,"featured_media":0,"comment_status":"open","ping_status":"open","sticky":false,"template":"","format":"standard","meta":{"footnotes":""},"categories":[3,444,10],"tags":[79,341,549,548,225],"class_list":["post-941","post","type-post","status-publish","format-standard","hentry","category-die-duemmsten-sprueche-der-woche","category-gedanken-zum-tag","category-systemfehler","tag-fluechtlinge","tag-invasoren","tag-islamische-landnahme","tag-islamische-subkutur","tag-volksverraeter"],"yoast_head":"<!-- This site is optimized with the Yoast SEO plugin v27.5 - https:\/\/yoast.com\/product\/yoast-seo-wordpress\/ -->\n<title>Die Grenze zur Senilit\u00e4t l\u00e4ngst \u00fcberschritten - Zeitgeist? Frei!<\/title>\n<meta name=\"robots\" content=\"index, follow, max-snippet:-1, max-image-preview:large, max-video-preview:-1\" \/>\n<link rel=\"canonical\" href=\"https:\/\/www.inkultura-online.de\/politisch_unkorrekt\/die-grenze-zur-senilitaet-laengst-ueberschritten\/\" \/>\n<meta property=\"og:locale\" content=\"de_DE\" \/>\n<meta property=\"og:type\" content=\"article\" \/>\n<meta property=\"og:title\" content=\"Die Grenze zur Senilit\u00e4t l\u00e4ngst \u00fcberschritten - Zeitgeist? Frei!\" \/>\n<meta property=\"og:description\" content=\"Wolfgang Sch\u00e4uble, der alte und verbitterte Bundesfinanzminister, der Milliarden deutschen Geldes in Richtung Bankenrettung transferiert hat, will jetzt getreu nach dem Motto \u201eWir laden zur Party, die anderen sollen zahlen\u201c, eine EU-weite Benzinsteuer erheben, die, wer h\u00e4tte das gedacht, zur &hellip; Weiterlesen &rarr;\" \/>\n<meta property=\"og:url\" content=\"https:\/\/www.inkultura-online.de\/politisch_unkorrekt\/die-grenze-zur-senilitaet-laengst-ueberschritten\/\" \/>\n<meta property=\"og:site_name\" content=\"Zeitgeist? Frei!\" \/>\n<meta property=\"article:published_time\" content=\"2016-01-16T14:29:51+00:00\" \/>\n<meta name=\"author\" content=\"Orator\" \/>\n<meta name=\"twitter:label1\" content=\"Verfasst von\" \/>\n\t<meta name=\"twitter:data1\" content=\"Orator\" \/>\n\t<meta name=\"twitter:label2\" content=\"Gesch\u00e4tzte Lesezeit\" \/>\n\t<meta name=\"twitter:data2\" content=\"3\u00a0Minuten\" \/>\n<script type=\"application\/ld+json\" class=\"yoast-schema-graph\">{\"@context\":\"https:\\\/\\\/schema.org\",\"@graph\":[{\"@type\":\"Article\",\"@id\":\"https:\\\/\\\/www.inkultura-online.de\\\/politisch_unkorrekt\\\/die-grenze-zur-senilitaet-laengst-ueberschritten\\\/#article\",\"isPartOf\":{\"@id\":\"https:\\\/\\\/www.inkultura-online.de\\\/politisch_unkorrekt\\\/die-grenze-zur-senilitaet-laengst-ueberschritten\\\/\"},\"author\":{\"name\":\"Orator\",\"@id\":\"https:\\\/\\\/www.inkultura-online.de\\\/politisch_unkorrekt\\\/#\\\/schema\\\/person\\\/5b30b80e385478896a1de221e1994d86\"},\"headline\":\"Die Grenze zur Senilit\u00e4t l\u00e4ngst \u00fcberschritten\",\"datePublished\":\"2016-01-16T14:29:51+00:00\",\"mainEntityOfPage\":{\"@id\":\"https:\\\/\\\/www.inkultura-online.de\\\/politisch_unkorrekt\\\/die-grenze-zur-senilitaet-laengst-ueberschritten\\\/\"},\"wordCount\":553,\"commentCount\":0,\"publisher\":{\"@id\":\"https:\\\/\\\/www.inkultura-online.de\\\/politisch_unkorrekt\\\/#\\\/schema\\\/person\\\/5b30b80e385478896a1de221e1994d86\"},\"keywords\":[\"Fl\u00fcchtlinge\",\"Invasoren\",\"islamische Landnahme\",\"islamische Subkutur\",\"Volksverr\u00e4ter\"],\"articleSection\":[\"Die d\u00fcmmsten Spr\u00fcche der Woche\",\"Gedanken zum Tag\",\"Systemfehler\"],\"inLanguage\":\"de\",\"potentialAction\":[{\"@type\":\"CommentAction\",\"name\":\"Comment\",\"target\":[\"https:\\\/\\\/www.inkultura-online.de\\\/politisch_unkorrekt\\\/die-grenze-zur-senilitaet-laengst-ueberschritten\\\/#respond\"]}]},{\"@type\":\"WebPage\",\"@id\":\"https:\\\/\\\/www.inkultura-online.de\\\/politisch_unkorrekt\\\/die-grenze-zur-senilitaet-laengst-ueberschritten\\\/\",\"url\":\"https:\\\/\\\/www.inkultura-online.de\\\/politisch_unkorrekt\\\/die-grenze-zur-senilitaet-laengst-ueberschritten\\\/\",\"name\":\"Die Grenze zur Senilit\u00e4t l\u00e4ngst \u00fcberschritten - Zeitgeist? Frei!\",\"isPartOf\":{\"@id\":\"https:\\\/\\\/www.inkultura-online.de\\\/politisch_unkorrekt\\\/#website\"},\"datePublished\":\"2016-01-16T14:29:51+00:00\",\"breadcrumb\":{\"@id\":\"https:\\\/\\\/www.inkultura-online.de\\\/politisch_unkorrekt\\\/die-grenze-zur-senilitaet-laengst-ueberschritten\\\/#breadcrumb\"},\"inLanguage\":\"de\",\"potentialAction\":[{\"@type\":\"ReadAction\",\"target\":[\"https:\\\/\\\/www.inkultura-online.de\\\/politisch_unkorrekt\\\/die-grenze-zur-senilitaet-laengst-ueberschritten\\\/\"]}]},{\"@type\":\"BreadcrumbList\",\"@id\":\"https:\\\/\\\/www.inkultura-online.de\\\/politisch_unkorrekt\\\/die-grenze-zur-senilitaet-laengst-ueberschritten\\\/#breadcrumb\",\"itemListElement\":[{\"@type\":\"ListItem\",\"position\":1,\"name\":\"Home\",\"item\":\"https:\\\/\\\/www.inkultura-online.de\\\/politisch_unkorrekt\\\/\"},{\"@type\":\"ListItem\",\"position\":2,\"name\":\"Die Grenze zur Senilit\u00e4t l\u00e4ngst \u00fcberschritten\"}]},{\"@type\":\"WebSite\",\"@id\":\"https:\\\/\\\/www.inkultura-online.de\\\/politisch_unkorrekt\\\/#website\",\"url\":\"https:\\\/\\\/www.inkultura-online.de\\\/politisch_unkorrekt\\\/\",\"name\":\"Zeitgeist? Frei!\",\"description\":\"Was Ihr den Geist der Zeiten hei\u00dft...\",\"publisher\":{\"@id\":\"https:\\\/\\\/www.inkultura-online.de\\\/politisch_unkorrekt\\\/#\\\/schema\\\/person\\\/5b30b80e385478896a1de221e1994d86\"},\"potentialAction\":[{\"@type\":\"SearchAction\",\"target\":{\"@type\":\"EntryPoint\",\"urlTemplate\":\"https:\\\/\\\/www.inkultura-online.de\\\/politisch_unkorrekt\\\/?s={search_term_string}\"},\"query-input\":{\"@type\":\"PropertyValueSpecification\",\"valueRequired\":true,\"valueName\":\"search_term_string\"}}],\"inLanguage\":\"de\"},{\"@type\":[\"Person\",\"Organization\"],\"@id\":\"https:\\\/\\\/www.inkultura-online.de\\\/politisch_unkorrekt\\\/#\\\/schema\\\/person\\\/5b30b80e385478896a1de221e1994d86\",\"name\":\"Orator\",\"image\":{\"@type\":\"ImageObject\",\"inLanguage\":\"de\",\"@id\":\"https:\\\/\\\/secure.gravatar.com\\\/avatar\\\/96e03166d31716e9c437060430eb7605c45a8ce6fb6dab483637ca6915dd0844?s=96&d=mm&r=g\",\"url\":\"https:\\\/\\\/secure.gravatar.com\\\/avatar\\\/96e03166d31716e9c437060430eb7605c45a8ce6fb6dab483637ca6915dd0844?s=96&d=mm&r=g\",\"contentUrl\":\"https:\\\/\\\/secure.gravatar.com\\\/avatar\\\/96e03166d31716e9c437060430eb7605c45a8ce6fb6dab483637ca6915dd0844?s=96&d=mm&r=g\",\"caption\":\"Orator\"},\"logo\":{\"@id\":\"https:\\\/\\\/secure.gravatar.com\\\/avatar\\\/96e03166d31716e9c437060430eb7605c45a8ce6fb6dab483637ca6915dd0844?s=96&d=mm&r=g\"},\"url\":\"https:\\\/\\\/www.inkultura-online.de\\\/politisch_unkorrekt\\\/author\\\/1korrektor21-2\\\/\"}]}<\/script>\n<!-- \/ Yoast SEO plugin. -->","yoast_head_json":{"title":"Die Grenze zur Senilit\u00e4t l\u00e4ngst \u00fcberschritten - Zeitgeist? Frei!","robots":{"index":"index","follow":"follow","max-snippet":"max-snippet:-1","max-image-preview":"max-image-preview:large","max-video-preview":"max-video-preview:-1"},"canonical":"https:\/\/www.inkultura-online.de\/politisch_unkorrekt\/die-grenze-zur-senilitaet-laengst-ueberschritten\/","og_locale":"de_DE","og_type":"article","og_title":"Die Grenze zur Senilit\u00e4t l\u00e4ngst \u00fcberschritten - Zeitgeist? Frei!","og_description":"Wolfgang Sch\u00e4uble, der alte und verbitterte Bundesfinanzminister, der Milliarden deutschen Geldes in Richtung Bankenrettung transferiert hat, will jetzt getreu nach dem Motto \u201eWir laden zur Party, die anderen sollen zahlen\u201c, eine EU-weite Benzinsteuer erheben, die, wer h\u00e4tte das gedacht, zur &hellip; Weiterlesen &rarr;","og_url":"https:\/\/www.inkultura-online.de\/politisch_unkorrekt\/die-grenze-zur-senilitaet-laengst-ueberschritten\/","og_site_name":"Zeitgeist? Frei!","article_published_time":"2016-01-16T14:29:51+00:00","author":"Orator","twitter_misc":{"Verfasst von":"Orator","Gesch\u00e4tzte Lesezeit":"3\u00a0Minuten"},"schema":{"@context":"https:\/\/schema.org","@graph":[{"@type":"Article","@id":"https:\/\/www.inkultura-online.de\/politisch_unkorrekt\/die-grenze-zur-senilitaet-laengst-ueberschritten\/#article","isPartOf":{"@id":"https:\/\/www.inkultura-online.de\/politisch_unkorrekt\/die-grenze-zur-senilitaet-laengst-ueberschritten\/"},"author":{"name":"Orator","@id":"https:\/\/www.inkultura-online.de\/politisch_unkorrekt\/#\/schema\/person\/5b30b80e385478896a1de221e1994d86"},"headline":"Die Grenze zur Senilit\u00e4t l\u00e4ngst \u00fcberschritten","datePublished":"2016-01-16T14:29:51+00:00","mainEntityOfPage":{"@id":"https:\/\/www.inkultura-online.de\/politisch_unkorrekt\/die-grenze-zur-senilitaet-laengst-ueberschritten\/"},"wordCount":553,"commentCount":0,"publisher":{"@id":"https:\/\/www.inkultura-online.de\/politisch_unkorrekt\/#\/schema\/person\/5b30b80e385478896a1de221e1994d86"},"keywords":["Fl\u00fcchtlinge","Invasoren","islamische Landnahme","islamische Subkutur","Volksverr\u00e4ter"],"articleSection":["Die d\u00fcmmsten Spr\u00fcche der Woche","Gedanken zum Tag","Systemfehler"],"inLanguage":"de","potentialAction":[{"@type":"CommentAction","name":"Comment","target":["https:\/\/www.inkultura-online.de\/politisch_unkorrekt\/die-grenze-zur-senilitaet-laengst-ueberschritten\/#respond"]}]},{"@type":"WebPage","@id":"https:\/\/www.inkultura-online.de\/politisch_unkorrekt\/die-grenze-zur-senilitaet-laengst-ueberschritten\/","url":"https:\/\/www.inkultura-online.de\/politisch_unkorrekt\/die-grenze-zur-senilitaet-laengst-ueberschritten\/","name":"Die Grenze zur Senilit\u00e4t l\u00e4ngst \u00fcberschritten - Zeitgeist? Frei!","isPartOf":{"@id":"https:\/\/www.inkultura-online.de\/politisch_unkorrekt\/#website"},"datePublished":"2016-01-16T14:29:51+00:00","breadcrumb":{"@id":"https:\/\/www.inkultura-online.de\/politisch_unkorrekt\/die-grenze-zur-senilitaet-laengst-ueberschritten\/#breadcrumb"},"inLanguage":"de","potentialAction":[{"@type":"ReadAction","target":["https:\/\/www.inkultura-online.de\/politisch_unkorrekt\/die-grenze-zur-senilitaet-laengst-ueberschritten\/"]}]},{"@type":"BreadcrumbList","@id":"https:\/\/www.inkultura-online.de\/politisch_unkorrekt\/die-grenze-zur-senilitaet-laengst-ueberschritten\/#breadcrumb","itemListElement":[{"@type":"ListItem","position":1,"name":"Home","item":"https:\/\/www.inkultura-online.de\/politisch_unkorrekt\/"},{"@type":"ListItem","position":2,"name":"Die Grenze zur Senilit\u00e4t l\u00e4ngst \u00fcberschritten"}]},{"@type":"WebSite","@id":"https:\/\/www.inkultura-online.de\/politisch_unkorrekt\/#website","url":"https:\/\/www.inkultura-online.de\/politisch_unkorrekt\/","name":"Zeitgeist? Frei!","description":"Was Ihr den Geist der Zeiten hei\u00dft...","publisher":{"@id":"https:\/\/www.inkultura-online.de\/politisch_unkorrekt\/#\/schema\/person\/5b30b80e385478896a1de221e1994d86"},"potentialAction":[{"@type":"SearchAction","target":{"@type":"EntryPoint","urlTemplate":"https:\/\/www.inkultura-online.de\/politisch_unkorrekt\/?s={search_term_string}"},"query-input":{"@type":"PropertyValueSpecification","valueRequired":true,"valueName":"search_term_string"}}],"inLanguage":"de"},{"@type":["Person","Organization"],"@id":"https:\/\/www.inkultura-online.de\/politisch_unkorrekt\/#\/schema\/person\/5b30b80e385478896a1de221e1994d86","name":"Orator","image":{"@type":"ImageObject","inLanguage":"de","@id":"https:\/\/secure.gravatar.com\/avatar\/96e03166d31716e9c437060430eb7605c45a8ce6fb6dab483637ca6915dd0844?s=96&d=mm&r=g","url":"https:\/\/secure.gravatar.com\/avatar\/96e03166d31716e9c437060430eb7605c45a8ce6fb6dab483637ca6915dd0844?s=96&d=mm&r=g","contentUrl":"https:\/\/secure.gravatar.com\/avatar\/96e03166d31716e9c437060430eb7605c45a8ce6fb6dab483637ca6915dd0844?s=96&d=mm&r=g","caption":"Orator"},"logo":{"@id":"https:\/\/secure.gravatar.com\/avatar\/96e03166d31716e9c437060430eb7605c45a8ce6fb6dab483637ca6915dd0844?s=96&d=mm&r=g"},"url":"https:\/\/www.inkultura-online.de\/politisch_unkorrekt\/author\/1korrektor21-2\/"}]}},"_links":{"self":[{"href":"https:\/\/www.inkultura-online.de\/politisch_unkorrekt\/wp-json\/wp\/v2\/posts\/941","targetHints":{"allow":["GET"]}}],"collection":[{"href":"https:\/\/www.inkultura-online.de\/politisch_unkorrekt\/wp-json\/wp\/v2\/posts"}],"about":[{"href":"https:\/\/www.inkultura-online.de\/politisch_unkorrekt\/wp-json\/wp\/v2\/types\/post"}],"author":[{"embeddable":true,"href":"https:\/\/www.inkultura-online.de\/politisch_unkorrekt\/wp-json\/wp\/v2\/users\/1"}],"replies":[{"embeddable":true,"href":"https:\/\/www.inkultura-online.de\/politisch_unkorrekt\/wp-json\/wp\/v2\/comments?post=941"}],"version-history":[{"count":1,"href":"https:\/\/www.inkultura-online.de\/politisch_unkorrekt\/wp-json\/wp\/v2\/posts\/941\/revisions"}],"predecessor-version":[{"id":942,"href":"https:\/\/www.inkultura-online.de\/politisch_unkorrekt\/wp-json\/wp\/v2\/posts\/941\/revisions\/942"}],"wp:attachment":[{"href":"https:\/\/www.inkultura-online.de\/politisch_unkorrekt\/wp-json\/wp\/v2\/media?parent=941"}],"wp:term":[{"taxonomy":"category","embeddable":true,"href":"https:\/\/www.inkultura-online.de\/politisch_unkorrekt\/wp-json\/wp\/v2\/categories?post=941"},{"taxonomy":"post_tag","embeddable":true,"href":"https:\/\/www.inkultura-online.de\/politisch_unkorrekt\/wp-json\/wp\/v2\/tags?post=941"}],"curies":[{"name":"wp","href":"https:\/\/api.w.org\/{rel}","templated":true}]}}