{"id":943,"date":"2016-01-17T14:26:18","date_gmt":"2016-01-17T12:26:18","guid":{"rendered":"http:\/\/www.inkultura-online.de\/politisch_unkorrekt\/?p=943"},"modified":"2016-01-17T14:30:46","modified_gmt":"2016-01-17T12:30:46","slug":"viel-rauch-um-nichts","status":"publish","type":"post","link":"https:\/\/www.inkultura-online.de\/politisch_unkorrekt\/viel-rauch-um-nichts\/","title":{"rendered":"Viel Rauch um Nichts"},"content":{"rendered":"<p>Der Fall Cornelius Gurlitt steht wie kein anderer f\u00fcr das problematische Verh\u00e4ltnis zwischen Rechtsstadt auf der einen und Justiz und Politik auf der anderen Seite. Die unr\u00fchmliche Rolle beider letztgenannten zeigt einmal mehr der \u201eAbschlussbericht\u201c der &#8222;Taskforce Schwabinger Kunstfund&#8220;, der nach eigenen Aussagen doch eher nur ein <a href=\"http:\/\/www.welt.de\/kultur\/kunst-und-architektur\/article151024972\/Wer-bringt-endlich-Ordnung-in-die-Sammlung-Gurlitt.html\" target=\"_blank\">\u201eArbeitsbericht\u201c<\/a> darstellt.<!--more--><\/p>\n<p>Eine kurze Erinnerung an den Ausl\u00f6ser der \u201eAff\u00e4re Raubkunst\u201c, die, wie weiland die Sau, mit gro\u00dfer medialer Hype durchs Dorf getrieben wurde. Bei Gurlitt wurden im September 2010 anl\u00e4sslich einer Zollkontrolle w\u00e4hrend einer Zugfahrt von Z\u00fcrich nach M\u00fcnchen 9000 Euro gefunden. Pikanterweise ist es bis zu einer H\u00f6he von 10.000 Euro absolut legal in die Schweiz ein- oder auszureisen ohne die Menge Bargeld anzumelden.<\/p>\n<p>Fazit: Ein B\u00fcrger steht unter Generalverdacht, wenn er Bargeld mit sich f\u00fchrt. In Zeiten, in denen polit-wirtschaftliche Kreisen offen dar\u00fcber diskutieren, Bargeld generell zu verbieten und als Zahlungsmittel nur noch virtuelles Geld in Form von Kreditkarten gelten zu lassen, ist die Causa Gurlitt ein best\u00fcrzendes Zeichen fortschreitender staatlicher Willk\u00fcr.<\/p>\n<p>Die daraufhin folgenden Ermittlungen &#8211; inklusive Durchsuchung der Privatr\u00e4ume Gurlitts \u2013 f\u00fchrten zur Beschlagnahme der vorgefundenen Sammlung seitens der Augsburger Staatsanwaltschaft. Das seitdem Feuilleton und Kunstszene beherrschende Thema war \u201eRaubkunstsammlung\u201c und somit Cornelius Gurlitt medial zum Abschuss freigegeben.<\/p>\n<p>Jetzt liegt besagter \u201eArbeitsbericht\u201c vor, und siehe da, von \u201eRaubkunstsammlung\u201c keine Spur, sondern von der ganzen Sammlung \u2013 1200 Bilder, davon 500 \u201everd\u00e4chtige\u201c Werke \u2013 sind gerade mal f\u00fcnf als Raubkunst identifiziert worden. Da d\u00fcrften in den Magazinen deutscher Museen wohl einige mehr zu finden sein\u2026<\/p>\n<p>Die Moral von der Geschichte? Wenn ein bis dato unbescholtener B\u00fcrger in die F\u00e4nge des polit-juristischen Kartells ger\u00e4t, dann kann er nur verlieren. Cornelius Gurlitt, der im Laufe der Aff\u00e4re verstarb, erfuhr das am eigenen Leib.<\/p>\n","protected":false},"excerpt":{"rendered":"<p>Der Fall Cornelius Gurlitt steht wie kein anderer f\u00fcr das problematische Verh\u00e4ltnis zwischen Rechtsstadt auf der einen und Justiz und Politik auf der anderen Seite. Die unr\u00fchmliche Rolle beider letztgenannten zeigt einmal mehr der \u201eAbschlussbericht\u201c der &#8222;Taskforce Schwabinger Kunstfund&#8220;, der &hellip; <a href=\"https:\/\/www.inkultura-online.de\/politisch_unkorrekt\/viel-rauch-um-nichts\/\">Weiterlesen <span class=\"meta-nav\">&rarr;<\/span><\/a><\/p>\n","protected":false},"author":1,"featured_media":0,"comment_status":"open","ping_status":"open","sticky":false,"template":"","format":"standard","meta":{"footnotes":""},"categories":[1,6,7],"tags":[550,551,552,554,553],"class_list":["post-943","post","type-post","status-publish","format-standard","hentry","category-fundstuecke","category-menschen-untereinander","category-moderne-zeiten","tag-cornemuis-gurlitt","tag-raubkunst","tag-raubkunstsammlung","tag-rechtsstatt","tag-staatliche-willkuer"],"yoast_head":"<!-- This site is optimized with the Yoast SEO plugin v27.5 - https:\/\/yoast.com\/product\/yoast-seo-wordpress\/ -->\n<title>Viel Rauch um Nichts - Zeitgeist? Frei!<\/title>\n<meta name=\"robots\" content=\"index, follow, max-snippet:-1, max-image-preview:large, max-video-preview:-1\" \/>\n<link rel=\"canonical\" href=\"https:\/\/www.inkultura-online.de\/politisch_unkorrekt\/viel-rauch-um-nichts\/\" \/>\n<meta property=\"og:locale\" content=\"de_DE\" \/>\n<meta property=\"og:type\" content=\"article\" \/>\n<meta property=\"og:title\" content=\"Viel Rauch um Nichts - Zeitgeist? Frei!\" \/>\n<meta property=\"og:description\" content=\"Der Fall Cornelius Gurlitt steht wie kein anderer f\u00fcr das problematische Verh\u00e4ltnis zwischen Rechtsstadt auf der einen und Justiz und Politik auf der anderen Seite. Die unr\u00fchmliche Rolle beider letztgenannten zeigt einmal mehr der \u201eAbschlussbericht\u201c der &#8222;Taskforce Schwabinger Kunstfund&#8220;, der &hellip; Weiterlesen &rarr;\" \/>\n<meta property=\"og:url\" content=\"https:\/\/www.inkultura-online.de\/politisch_unkorrekt\/viel-rauch-um-nichts\/\" \/>\n<meta property=\"og:site_name\" content=\"Zeitgeist? Frei!\" \/>\n<meta property=\"article:published_time\" content=\"2016-01-17T12:26:18+00:00\" \/>\n<meta property=\"article:modified_time\" content=\"2016-01-17T12:30:46+00:00\" \/>\n<meta name=\"author\" content=\"Orator\" \/>\n<meta name=\"twitter:label1\" content=\"Verfasst von\" \/>\n\t<meta name=\"twitter:data1\" content=\"Orator\" \/>\n\t<meta name=\"twitter:label2\" content=\"Gesch\u00e4tzte Lesezeit\" \/>\n\t<meta name=\"twitter:data2\" content=\"1\u00a0Minute\" \/>\n<script type=\"application\/ld+json\" class=\"yoast-schema-graph\">{\"@context\":\"https:\\\/\\\/schema.org\",\"@graph\":[{\"@type\":\"Article\",\"@id\":\"https:\\\/\\\/www.inkultura-online.de\\\/politisch_unkorrekt\\\/viel-rauch-um-nichts\\\/#article\",\"isPartOf\":{\"@id\":\"https:\\\/\\\/www.inkultura-online.de\\\/politisch_unkorrekt\\\/viel-rauch-um-nichts\\\/\"},\"author\":{\"name\":\"Orator\",\"@id\":\"https:\\\/\\\/www.inkultura-online.de\\\/politisch_unkorrekt\\\/#\\\/schema\\\/person\\\/5b30b80e385478896a1de221e1994d86\"},\"headline\":\"Viel Rauch um Nichts\",\"datePublished\":\"2016-01-17T12:26:18+00:00\",\"dateModified\":\"2016-01-17T12:30:46+00:00\",\"mainEntityOfPage\":{\"@id\":\"https:\\\/\\\/www.inkultura-online.de\\\/politisch_unkorrekt\\\/viel-rauch-um-nichts\\\/\"},\"wordCount\":303,\"commentCount\":0,\"publisher\":{\"@id\":\"https:\\\/\\\/www.inkultura-online.de\\\/politisch_unkorrekt\\\/#\\\/schema\\\/person\\\/5b30b80e385478896a1de221e1994d86\"},\"keywords\":[\"Cornemuis Gurlitt\",\"Raubkunst\",\"Raubkunstsammlung\",\"Rechtsstatt\",\"staatliche Willk\u00fcr\"],\"articleSection\":[\"Fundst\u00fccke\",\"Menschen untereinander\",\"Moderne Zeiten\"],\"inLanguage\":\"de\",\"potentialAction\":[{\"@type\":\"CommentAction\",\"name\":\"Comment\",\"target\":[\"https:\\\/\\\/www.inkultura-online.de\\\/politisch_unkorrekt\\\/viel-rauch-um-nichts\\\/#respond\"]}]},{\"@type\":\"WebPage\",\"@id\":\"https:\\\/\\\/www.inkultura-online.de\\\/politisch_unkorrekt\\\/viel-rauch-um-nichts\\\/\",\"url\":\"https:\\\/\\\/www.inkultura-online.de\\\/politisch_unkorrekt\\\/viel-rauch-um-nichts\\\/\",\"name\":\"Viel Rauch um Nichts - Zeitgeist? Frei!\",\"isPartOf\":{\"@id\":\"https:\\\/\\\/www.inkultura-online.de\\\/politisch_unkorrekt\\\/#website\"},\"datePublished\":\"2016-01-17T12:26:18+00:00\",\"dateModified\":\"2016-01-17T12:30:46+00:00\",\"breadcrumb\":{\"@id\":\"https:\\\/\\\/www.inkultura-online.de\\\/politisch_unkorrekt\\\/viel-rauch-um-nichts\\\/#breadcrumb\"},\"inLanguage\":\"de\",\"potentialAction\":[{\"@type\":\"ReadAction\",\"target\":[\"https:\\\/\\\/www.inkultura-online.de\\\/politisch_unkorrekt\\\/viel-rauch-um-nichts\\\/\"]}]},{\"@type\":\"BreadcrumbList\",\"@id\":\"https:\\\/\\\/www.inkultura-online.de\\\/politisch_unkorrekt\\\/viel-rauch-um-nichts\\\/#breadcrumb\",\"itemListElement\":[{\"@type\":\"ListItem\",\"position\":1,\"name\":\"Home\",\"item\":\"https:\\\/\\\/www.inkultura-online.de\\\/politisch_unkorrekt\\\/\"},{\"@type\":\"ListItem\",\"position\":2,\"name\":\"Viel Rauch um Nichts\"}]},{\"@type\":\"WebSite\",\"@id\":\"https:\\\/\\\/www.inkultura-online.de\\\/politisch_unkorrekt\\\/#website\",\"url\":\"https:\\\/\\\/www.inkultura-online.de\\\/politisch_unkorrekt\\\/\",\"name\":\"Zeitgeist? Frei!\",\"description\":\"Was Ihr den Geist der Zeiten hei\u00dft...\",\"publisher\":{\"@id\":\"https:\\\/\\\/www.inkultura-online.de\\\/politisch_unkorrekt\\\/#\\\/schema\\\/person\\\/5b30b80e385478896a1de221e1994d86\"},\"potentialAction\":[{\"@type\":\"SearchAction\",\"target\":{\"@type\":\"EntryPoint\",\"urlTemplate\":\"https:\\\/\\\/www.inkultura-online.de\\\/politisch_unkorrekt\\\/?s={search_term_string}\"},\"query-input\":{\"@type\":\"PropertyValueSpecification\",\"valueRequired\":true,\"valueName\":\"search_term_string\"}}],\"inLanguage\":\"de\"},{\"@type\":[\"Person\",\"Organization\"],\"@id\":\"https:\\\/\\\/www.inkultura-online.de\\\/politisch_unkorrekt\\\/#\\\/schema\\\/person\\\/5b30b80e385478896a1de221e1994d86\",\"name\":\"Orator\",\"image\":{\"@type\":\"ImageObject\",\"inLanguage\":\"de\",\"@id\":\"https:\\\/\\\/secure.gravatar.com\\\/avatar\\\/96e03166d31716e9c437060430eb7605c45a8ce6fb6dab483637ca6915dd0844?s=96&d=mm&r=g\",\"url\":\"https:\\\/\\\/secure.gravatar.com\\\/avatar\\\/96e03166d31716e9c437060430eb7605c45a8ce6fb6dab483637ca6915dd0844?s=96&d=mm&r=g\",\"contentUrl\":\"https:\\\/\\\/secure.gravatar.com\\\/avatar\\\/96e03166d31716e9c437060430eb7605c45a8ce6fb6dab483637ca6915dd0844?s=96&d=mm&r=g\",\"caption\":\"Orator\"},\"logo\":{\"@id\":\"https:\\\/\\\/secure.gravatar.com\\\/avatar\\\/96e03166d31716e9c437060430eb7605c45a8ce6fb6dab483637ca6915dd0844?s=96&d=mm&r=g\"},\"url\":\"https:\\\/\\\/www.inkultura-online.de\\\/politisch_unkorrekt\\\/author\\\/1korrektor21-2\\\/\"}]}<\/script>\n<!-- \/ Yoast SEO plugin. -->","yoast_head_json":{"title":"Viel Rauch um Nichts - Zeitgeist? Frei!","robots":{"index":"index","follow":"follow","max-snippet":"max-snippet:-1","max-image-preview":"max-image-preview:large","max-video-preview":"max-video-preview:-1"},"canonical":"https:\/\/www.inkultura-online.de\/politisch_unkorrekt\/viel-rauch-um-nichts\/","og_locale":"de_DE","og_type":"article","og_title":"Viel Rauch um Nichts - Zeitgeist? Frei!","og_description":"Der Fall Cornelius Gurlitt steht wie kein anderer f\u00fcr das problematische Verh\u00e4ltnis zwischen Rechtsstadt auf der einen und Justiz und Politik auf der anderen Seite. Die unr\u00fchmliche Rolle beider letztgenannten zeigt einmal mehr der \u201eAbschlussbericht\u201c der &#8222;Taskforce Schwabinger Kunstfund&#8220;, der &hellip; Weiterlesen &rarr;","og_url":"https:\/\/www.inkultura-online.de\/politisch_unkorrekt\/viel-rauch-um-nichts\/","og_site_name":"Zeitgeist? Frei!","article_published_time":"2016-01-17T12:26:18+00:00","article_modified_time":"2016-01-17T12:30:46+00:00","author":"Orator","twitter_misc":{"Verfasst von":"Orator","Gesch\u00e4tzte Lesezeit":"1\u00a0Minute"},"schema":{"@context":"https:\/\/schema.org","@graph":[{"@type":"Article","@id":"https:\/\/www.inkultura-online.de\/politisch_unkorrekt\/viel-rauch-um-nichts\/#article","isPartOf":{"@id":"https:\/\/www.inkultura-online.de\/politisch_unkorrekt\/viel-rauch-um-nichts\/"},"author":{"name":"Orator","@id":"https:\/\/www.inkultura-online.de\/politisch_unkorrekt\/#\/schema\/person\/5b30b80e385478896a1de221e1994d86"},"headline":"Viel Rauch um Nichts","datePublished":"2016-01-17T12:26:18+00:00","dateModified":"2016-01-17T12:30:46+00:00","mainEntityOfPage":{"@id":"https:\/\/www.inkultura-online.de\/politisch_unkorrekt\/viel-rauch-um-nichts\/"},"wordCount":303,"commentCount":0,"publisher":{"@id":"https:\/\/www.inkultura-online.de\/politisch_unkorrekt\/#\/schema\/person\/5b30b80e385478896a1de221e1994d86"},"keywords":["Cornemuis Gurlitt","Raubkunst","Raubkunstsammlung","Rechtsstatt","staatliche Willk\u00fcr"],"articleSection":["Fundst\u00fccke","Menschen untereinander","Moderne Zeiten"],"inLanguage":"de","potentialAction":[{"@type":"CommentAction","name":"Comment","target":["https:\/\/www.inkultura-online.de\/politisch_unkorrekt\/viel-rauch-um-nichts\/#respond"]}]},{"@type":"WebPage","@id":"https:\/\/www.inkultura-online.de\/politisch_unkorrekt\/viel-rauch-um-nichts\/","url":"https:\/\/www.inkultura-online.de\/politisch_unkorrekt\/viel-rauch-um-nichts\/","name":"Viel Rauch um Nichts - Zeitgeist? Frei!","isPartOf":{"@id":"https:\/\/www.inkultura-online.de\/politisch_unkorrekt\/#website"},"datePublished":"2016-01-17T12:26:18+00:00","dateModified":"2016-01-17T12:30:46+00:00","breadcrumb":{"@id":"https:\/\/www.inkultura-online.de\/politisch_unkorrekt\/viel-rauch-um-nichts\/#breadcrumb"},"inLanguage":"de","potentialAction":[{"@type":"ReadAction","target":["https:\/\/www.inkultura-online.de\/politisch_unkorrekt\/viel-rauch-um-nichts\/"]}]},{"@type":"BreadcrumbList","@id":"https:\/\/www.inkultura-online.de\/politisch_unkorrekt\/viel-rauch-um-nichts\/#breadcrumb","itemListElement":[{"@type":"ListItem","position":1,"name":"Home","item":"https:\/\/www.inkultura-online.de\/politisch_unkorrekt\/"},{"@type":"ListItem","position":2,"name":"Viel Rauch um Nichts"}]},{"@type":"WebSite","@id":"https:\/\/www.inkultura-online.de\/politisch_unkorrekt\/#website","url":"https:\/\/www.inkultura-online.de\/politisch_unkorrekt\/","name":"Zeitgeist? Frei!","description":"Was Ihr den Geist der Zeiten hei\u00dft...","publisher":{"@id":"https:\/\/www.inkultura-online.de\/politisch_unkorrekt\/#\/schema\/person\/5b30b80e385478896a1de221e1994d86"},"potentialAction":[{"@type":"SearchAction","target":{"@type":"EntryPoint","urlTemplate":"https:\/\/www.inkultura-online.de\/politisch_unkorrekt\/?s={search_term_string}"},"query-input":{"@type":"PropertyValueSpecification","valueRequired":true,"valueName":"search_term_string"}}],"inLanguage":"de"},{"@type":["Person","Organization"],"@id":"https:\/\/www.inkultura-online.de\/politisch_unkorrekt\/#\/schema\/person\/5b30b80e385478896a1de221e1994d86","name":"Orator","image":{"@type":"ImageObject","inLanguage":"de","@id":"https:\/\/secure.gravatar.com\/avatar\/96e03166d31716e9c437060430eb7605c45a8ce6fb6dab483637ca6915dd0844?s=96&d=mm&r=g","url":"https:\/\/secure.gravatar.com\/avatar\/96e03166d31716e9c437060430eb7605c45a8ce6fb6dab483637ca6915dd0844?s=96&d=mm&r=g","contentUrl":"https:\/\/secure.gravatar.com\/avatar\/96e03166d31716e9c437060430eb7605c45a8ce6fb6dab483637ca6915dd0844?s=96&d=mm&r=g","caption":"Orator"},"logo":{"@id":"https:\/\/secure.gravatar.com\/avatar\/96e03166d31716e9c437060430eb7605c45a8ce6fb6dab483637ca6915dd0844?s=96&d=mm&r=g"},"url":"https:\/\/www.inkultura-online.de\/politisch_unkorrekt\/author\/1korrektor21-2\/"}]}},"_links":{"self":[{"href":"https:\/\/www.inkultura-online.de\/politisch_unkorrekt\/wp-json\/wp\/v2\/posts\/943","targetHints":{"allow":["GET"]}}],"collection":[{"href":"https:\/\/www.inkultura-online.de\/politisch_unkorrekt\/wp-json\/wp\/v2\/posts"}],"about":[{"href":"https:\/\/www.inkultura-online.de\/politisch_unkorrekt\/wp-json\/wp\/v2\/types\/post"}],"author":[{"embeddable":true,"href":"https:\/\/www.inkultura-online.de\/politisch_unkorrekt\/wp-json\/wp\/v2\/users\/1"}],"replies":[{"embeddable":true,"href":"https:\/\/www.inkultura-online.de\/politisch_unkorrekt\/wp-json\/wp\/v2\/comments?post=943"}],"version-history":[{"count":2,"href":"https:\/\/www.inkultura-online.de\/politisch_unkorrekt\/wp-json\/wp\/v2\/posts\/943\/revisions"}],"predecessor-version":[{"id":945,"href":"https:\/\/www.inkultura-online.de\/politisch_unkorrekt\/wp-json\/wp\/v2\/posts\/943\/revisions\/945"}],"wp:attachment":[{"href":"https:\/\/www.inkultura-online.de\/politisch_unkorrekt\/wp-json\/wp\/v2\/media?parent=943"}],"wp:term":[{"taxonomy":"category","embeddable":true,"href":"https:\/\/www.inkultura-online.de\/politisch_unkorrekt\/wp-json\/wp\/v2\/categories?post=943"},{"taxonomy":"post_tag","embeddable":true,"href":"https:\/\/www.inkultura-online.de\/politisch_unkorrekt\/wp-json\/wp\/v2\/tags?post=943"}],"curies":[{"name":"wp","href":"https:\/\/api.w.org\/{rel}","templated":true}]}}