{"id":946,"date":"2016-01-17T21:15:30","date_gmt":"2016-01-17T19:15:30","guid":{"rendered":"http:\/\/www.inkultura-online.de\/politisch_unkorrekt\/?p=946"},"modified":"2016-01-17T21:15:30","modified_gmt":"2016-01-17T19:15:30","slug":"sind-blondinen-wirklich-bloed","status":"publish","type":"post","link":"https:\/\/www.inkultura-online.de\/politisch_unkorrekt\/sind-blondinen-wirklich-bloed\/","title":{"rendered":"Sind Blondinen wirklich bl\u00f6d?"},"content":{"rendered":"<p>Bisher geh\u00f6rte ich nicht zu dem Teil der m\u00e4nnlichen Spezies, der blonden Frauen per se die F\u00e4higkeit zu logischem Denken und komplexer Hirnt\u00e4tigkeit absprach. Haarfarbe egal, Hauptsache der Intellekt und die F\u00e4higkeit zur richtigen Einsch\u00e4tzung der Lage ist vorhanden. Seit heute hat jedoch mein Optimismus bez\u00fcglich naturblonder Frauen einen herben D\u00e4mpfer erhalten.<!--more--><\/p>\n<p>Das Blondchen in Merkels Politdarstellerkabinett, Bundesfamilienministerin Manuela Schwesig, will allen Ernstes den totalen Familiennachzug f\u00fcr bereits in Deutschland lebende m\u00e4nnliche \u201eFl\u00fcchtlinge\u201c. Ihr Argument: \u201cEs sei etwas anderes, 100 Familien zu integrieren als 100 allein reisende M\u00e4nner\u201c ist dann auch von solch bestechender Naivit\u00e4t, die allen Blondinenwitzen im Nachhinein recht gibt.<\/p>\n<p>Diese \u00c4u\u00dferung ist den K\u00f6lner Vorf\u00e4llen in der Silvesternacht geschuldet, in der ein organisierter Mob aus Nordafrikanern und \u201eSyrern\u201c unter den wachsamen Augen einer, politisch motiviert, kastrierten Polizei Jagd auf alles machte, was irgendwie nach Frau ausgesehen hat. Nun darf im Narrenschiff Bundesrepublik bekanntlich nicht sein, was \u2013 ideologisch \u2013 nicht sein darf, und flugs kommt Merkels Blondine mit dem Vorschlag, noch mehr, diesmal muslimische Frauen und Kinder in unser Land zu schleusen, damit die dauergeilen Herren des einzig wahren Glaubens ihre Lust bei einer ihrer Ehefrauen befriedigen k\u00f6nnen.<\/p>\n<p>Einen Teufel werden die tun und sich, wenn der Blondinenwitz erfolgreich die parlamentarische Runde macht, zuhause bedienen lassen. Die haben inzwischen Blut geleckt und wollen bestimmt nicht ihren eigenen Schleiereulen zu nahe treten \u2013 au\u00dfer zu Fortpflanzungs- bzw. Lebensunterhaltserh\u00f6hungsgr\u00fcnden \u2013 und anstelle ihrer korankonformen lebend mumifizierten Zwangsehefrauen lieber durch Minir\u00f6cke oder knappe T-Shirts kaum verh\u00fclltes wei\u00dfes Fleisch goutieren. Kann Mann ja auch verstehen. Allein der Gedanke bez\u00fcglich eines k\u00f6rperliches N\u00e4herkommen an totalvermummte Anh\u00e4ngerinnen des einzig wahren Glaubens bei hochsommerlichen 30 Grad im Schatten erregt nur eines: E\u2026<\/p>\n<p>Manuela Schwesig, auf die wie viele ihrer Politdarstellerkollegen der Lebensweg Krei\u00dfsaal, H\u00f6rsaal, Plenarsaal zutrifft, hat mein etwas naives Weltbild bez\u00fcglich Blondinen korrigiert. Vielen Dank daf\u00fcr!<\/p>\n","protected":false},"excerpt":{"rendered":"<p>Bisher geh\u00f6rte ich nicht zu dem Teil der m\u00e4nnlichen Spezies, der blonden Frauen per se die F\u00e4higkeit zu logischem Denken und komplexer Hirnt\u00e4tigkeit absprach. Haarfarbe egal, Hauptsache der Intellekt und die F\u00e4higkeit zur richtigen Einsch\u00e4tzung der Lage ist vorhanden. Seit &hellip; <a href=\"https:\/\/www.inkultura-online.de\/politisch_unkorrekt\/sind-blondinen-wirklich-bloed\/\">Weiterlesen <span class=\"meta-nav\">&rarr;<\/span><\/a><\/p>\n","protected":false},"author":1,"featured_media":0,"comment_status":"open","ping_status":"open","sticky":false,"template":"","format":"standard","meta":{"footnotes":""},"categories":[3,1,5,10],"tags":[556,521,555,558,557],"class_list":["post-946","post","type-post","status-publish","format-standard","hentry","category-die-duemmsten-sprueche-der-woche","category-fundstuecke","category-meinungen-und-sprueche","category-systemfehler","tag-blondinenwitze","tag-islamischer-mob","tag-manuela-schwesig","tag-schleiereulen","tag-weisses-fleisch"],"yoast_head":"<!-- This site is optimized with the Yoast SEO plugin v27.5 - https:\/\/yoast.com\/product\/yoast-seo-wordpress\/ -->\n<title>Sind Blondinen wirklich bl\u00f6d? - Zeitgeist? Frei!<\/title>\n<meta name=\"robots\" content=\"index, follow, max-snippet:-1, max-image-preview:large, max-video-preview:-1\" \/>\n<link rel=\"canonical\" href=\"https:\/\/www.inkultura-online.de\/politisch_unkorrekt\/sind-blondinen-wirklich-bloed\/\" \/>\n<meta property=\"og:locale\" content=\"de_DE\" \/>\n<meta property=\"og:type\" content=\"article\" \/>\n<meta property=\"og:title\" content=\"Sind Blondinen wirklich bl\u00f6d? - Zeitgeist? Frei!\" \/>\n<meta property=\"og:description\" content=\"Bisher geh\u00f6rte ich nicht zu dem Teil der m\u00e4nnlichen Spezies, der blonden Frauen per se die F\u00e4higkeit zu logischem Denken und komplexer Hirnt\u00e4tigkeit absprach. Haarfarbe egal, Hauptsache der Intellekt und die F\u00e4higkeit zur richtigen Einsch\u00e4tzung der Lage ist vorhanden. Seit &hellip; Weiterlesen &rarr;\" \/>\n<meta property=\"og:url\" content=\"https:\/\/www.inkultura-online.de\/politisch_unkorrekt\/sind-blondinen-wirklich-bloed\/\" \/>\n<meta property=\"og:site_name\" content=\"Zeitgeist? Frei!\" \/>\n<meta property=\"article:published_time\" content=\"2016-01-17T19:15:30+00:00\" \/>\n<meta name=\"author\" content=\"Orator\" \/>\n<meta name=\"twitter:label1\" content=\"Verfasst von\" \/>\n\t<meta name=\"twitter:data1\" content=\"Orator\" \/>\n\t<meta name=\"twitter:label2\" content=\"Gesch\u00e4tzte Lesezeit\" \/>\n\t<meta name=\"twitter:data2\" content=\"2\u00a0Minuten\" \/>\n<script type=\"application\/ld+json\" class=\"yoast-schema-graph\">{\"@context\":\"https:\\\/\\\/schema.org\",\"@graph\":[{\"@type\":\"Article\",\"@id\":\"https:\\\/\\\/www.inkultura-online.de\\\/politisch_unkorrekt\\\/sind-blondinen-wirklich-bloed\\\/#article\",\"isPartOf\":{\"@id\":\"https:\\\/\\\/www.inkultura-online.de\\\/politisch_unkorrekt\\\/sind-blondinen-wirklich-bloed\\\/\"},\"author\":{\"name\":\"Orator\",\"@id\":\"https:\\\/\\\/www.inkultura-online.de\\\/politisch_unkorrekt\\\/#\\\/schema\\\/person\\\/5b30b80e385478896a1de221e1994d86\"},\"headline\":\"Sind Blondinen wirklich bl\u00f6d?\",\"datePublished\":\"2016-01-17T19:15:30+00:00\",\"mainEntityOfPage\":{\"@id\":\"https:\\\/\\\/www.inkultura-online.de\\\/politisch_unkorrekt\\\/sind-blondinen-wirklich-bloed\\\/\"},\"wordCount\":332,\"commentCount\":0,\"publisher\":{\"@id\":\"https:\\\/\\\/www.inkultura-online.de\\\/politisch_unkorrekt\\\/#\\\/schema\\\/person\\\/5b30b80e385478896a1de221e1994d86\"},\"keywords\":[\"Blondinenwitze\",\"islamischer Mob\",\"Manuela Schwesig\",\"Schleiereulen\",\"wei\u00dfes Fleisch\"],\"articleSection\":[\"Die d\u00fcmmsten Spr\u00fcche der Woche\",\"Fundst\u00fccke\",\"Meinungen und Spr\u00fcche\",\"Systemfehler\"],\"inLanguage\":\"de\",\"potentialAction\":[{\"@type\":\"CommentAction\",\"name\":\"Comment\",\"target\":[\"https:\\\/\\\/www.inkultura-online.de\\\/politisch_unkorrekt\\\/sind-blondinen-wirklich-bloed\\\/#respond\"]}]},{\"@type\":\"WebPage\",\"@id\":\"https:\\\/\\\/www.inkultura-online.de\\\/politisch_unkorrekt\\\/sind-blondinen-wirklich-bloed\\\/\",\"url\":\"https:\\\/\\\/www.inkultura-online.de\\\/politisch_unkorrekt\\\/sind-blondinen-wirklich-bloed\\\/\",\"name\":\"Sind Blondinen wirklich bl\u00f6d? - Zeitgeist? Frei!\",\"isPartOf\":{\"@id\":\"https:\\\/\\\/www.inkultura-online.de\\\/politisch_unkorrekt\\\/#website\"},\"datePublished\":\"2016-01-17T19:15:30+00:00\",\"breadcrumb\":{\"@id\":\"https:\\\/\\\/www.inkultura-online.de\\\/politisch_unkorrekt\\\/sind-blondinen-wirklich-bloed\\\/#breadcrumb\"},\"inLanguage\":\"de\",\"potentialAction\":[{\"@type\":\"ReadAction\",\"target\":[\"https:\\\/\\\/www.inkultura-online.de\\\/politisch_unkorrekt\\\/sind-blondinen-wirklich-bloed\\\/\"]}]},{\"@type\":\"BreadcrumbList\",\"@id\":\"https:\\\/\\\/www.inkultura-online.de\\\/politisch_unkorrekt\\\/sind-blondinen-wirklich-bloed\\\/#breadcrumb\",\"itemListElement\":[{\"@type\":\"ListItem\",\"position\":1,\"name\":\"Home\",\"item\":\"https:\\\/\\\/www.inkultura-online.de\\\/politisch_unkorrekt\\\/\"},{\"@type\":\"ListItem\",\"position\":2,\"name\":\"Sind Blondinen wirklich bl\u00f6d?\"}]},{\"@type\":\"WebSite\",\"@id\":\"https:\\\/\\\/www.inkultura-online.de\\\/politisch_unkorrekt\\\/#website\",\"url\":\"https:\\\/\\\/www.inkultura-online.de\\\/politisch_unkorrekt\\\/\",\"name\":\"Zeitgeist? Frei!\",\"description\":\"Was Ihr den Geist der Zeiten hei\u00dft...\",\"publisher\":{\"@id\":\"https:\\\/\\\/www.inkultura-online.de\\\/politisch_unkorrekt\\\/#\\\/schema\\\/person\\\/5b30b80e385478896a1de221e1994d86\"},\"potentialAction\":[{\"@type\":\"SearchAction\",\"target\":{\"@type\":\"EntryPoint\",\"urlTemplate\":\"https:\\\/\\\/www.inkultura-online.de\\\/politisch_unkorrekt\\\/?s={search_term_string}\"},\"query-input\":{\"@type\":\"PropertyValueSpecification\",\"valueRequired\":true,\"valueName\":\"search_term_string\"}}],\"inLanguage\":\"de\"},{\"@type\":[\"Person\",\"Organization\"],\"@id\":\"https:\\\/\\\/www.inkultura-online.de\\\/politisch_unkorrekt\\\/#\\\/schema\\\/person\\\/5b30b80e385478896a1de221e1994d86\",\"name\":\"Orator\",\"image\":{\"@type\":\"ImageObject\",\"inLanguage\":\"de\",\"@id\":\"https:\\\/\\\/secure.gravatar.com\\\/avatar\\\/96e03166d31716e9c437060430eb7605c45a8ce6fb6dab483637ca6915dd0844?s=96&d=mm&r=g\",\"url\":\"https:\\\/\\\/secure.gravatar.com\\\/avatar\\\/96e03166d31716e9c437060430eb7605c45a8ce6fb6dab483637ca6915dd0844?s=96&d=mm&r=g\",\"contentUrl\":\"https:\\\/\\\/secure.gravatar.com\\\/avatar\\\/96e03166d31716e9c437060430eb7605c45a8ce6fb6dab483637ca6915dd0844?s=96&d=mm&r=g\",\"caption\":\"Orator\"},\"logo\":{\"@id\":\"https:\\\/\\\/secure.gravatar.com\\\/avatar\\\/96e03166d31716e9c437060430eb7605c45a8ce6fb6dab483637ca6915dd0844?s=96&d=mm&r=g\"},\"url\":\"https:\\\/\\\/www.inkultura-online.de\\\/politisch_unkorrekt\\\/author\\\/1korrektor21-2\\\/\"}]}<\/script>\n<!-- \/ Yoast SEO plugin. -->","yoast_head_json":{"title":"Sind Blondinen wirklich bl\u00f6d? - Zeitgeist? Frei!","robots":{"index":"index","follow":"follow","max-snippet":"max-snippet:-1","max-image-preview":"max-image-preview:large","max-video-preview":"max-video-preview:-1"},"canonical":"https:\/\/www.inkultura-online.de\/politisch_unkorrekt\/sind-blondinen-wirklich-bloed\/","og_locale":"de_DE","og_type":"article","og_title":"Sind Blondinen wirklich bl\u00f6d? - Zeitgeist? Frei!","og_description":"Bisher geh\u00f6rte ich nicht zu dem Teil der m\u00e4nnlichen Spezies, der blonden Frauen per se die F\u00e4higkeit zu logischem Denken und komplexer Hirnt\u00e4tigkeit absprach. Haarfarbe egal, Hauptsache der Intellekt und die F\u00e4higkeit zur richtigen Einsch\u00e4tzung der Lage ist vorhanden. Seit &hellip; Weiterlesen &rarr;","og_url":"https:\/\/www.inkultura-online.de\/politisch_unkorrekt\/sind-blondinen-wirklich-bloed\/","og_site_name":"Zeitgeist? Frei!","article_published_time":"2016-01-17T19:15:30+00:00","author":"Orator","twitter_misc":{"Verfasst von":"Orator","Gesch\u00e4tzte Lesezeit":"2\u00a0Minuten"},"schema":{"@context":"https:\/\/schema.org","@graph":[{"@type":"Article","@id":"https:\/\/www.inkultura-online.de\/politisch_unkorrekt\/sind-blondinen-wirklich-bloed\/#article","isPartOf":{"@id":"https:\/\/www.inkultura-online.de\/politisch_unkorrekt\/sind-blondinen-wirklich-bloed\/"},"author":{"name":"Orator","@id":"https:\/\/www.inkultura-online.de\/politisch_unkorrekt\/#\/schema\/person\/5b30b80e385478896a1de221e1994d86"},"headline":"Sind Blondinen wirklich bl\u00f6d?","datePublished":"2016-01-17T19:15:30+00:00","mainEntityOfPage":{"@id":"https:\/\/www.inkultura-online.de\/politisch_unkorrekt\/sind-blondinen-wirklich-bloed\/"},"wordCount":332,"commentCount":0,"publisher":{"@id":"https:\/\/www.inkultura-online.de\/politisch_unkorrekt\/#\/schema\/person\/5b30b80e385478896a1de221e1994d86"},"keywords":["Blondinenwitze","islamischer Mob","Manuela Schwesig","Schleiereulen","wei\u00dfes Fleisch"],"articleSection":["Die d\u00fcmmsten Spr\u00fcche der Woche","Fundst\u00fccke","Meinungen und Spr\u00fcche","Systemfehler"],"inLanguage":"de","potentialAction":[{"@type":"CommentAction","name":"Comment","target":["https:\/\/www.inkultura-online.de\/politisch_unkorrekt\/sind-blondinen-wirklich-bloed\/#respond"]}]},{"@type":"WebPage","@id":"https:\/\/www.inkultura-online.de\/politisch_unkorrekt\/sind-blondinen-wirklich-bloed\/","url":"https:\/\/www.inkultura-online.de\/politisch_unkorrekt\/sind-blondinen-wirklich-bloed\/","name":"Sind Blondinen wirklich bl\u00f6d? - Zeitgeist? Frei!","isPartOf":{"@id":"https:\/\/www.inkultura-online.de\/politisch_unkorrekt\/#website"},"datePublished":"2016-01-17T19:15:30+00:00","breadcrumb":{"@id":"https:\/\/www.inkultura-online.de\/politisch_unkorrekt\/sind-blondinen-wirklich-bloed\/#breadcrumb"},"inLanguage":"de","potentialAction":[{"@type":"ReadAction","target":["https:\/\/www.inkultura-online.de\/politisch_unkorrekt\/sind-blondinen-wirklich-bloed\/"]}]},{"@type":"BreadcrumbList","@id":"https:\/\/www.inkultura-online.de\/politisch_unkorrekt\/sind-blondinen-wirklich-bloed\/#breadcrumb","itemListElement":[{"@type":"ListItem","position":1,"name":"Home","item":"https:\/\/www.inkultura-online.de\/politisch_unkorrekt\/"},{"@type":"ListItem","position":2,"name":"Sind Blondinen wirklich bl\u00f6d?"}]},{"@type":"WebSite","@id":"https:\/\/www.inkultura-online.de\/politisch_unkorrekt\/#website","url":"https:\/\/www.inkultura-online.de\/politisch_unkorrekt\/","name":"Zeitgeist? Frei!","description":"Was Ihr den Geist der Zeiten hei\u00dft...","publisher":{"@id":"https:\/\/www.inkultura-online.de\/politisch_unkorrekt\/#\/schema\/person\/5b30b80e385478896a1de221e1994d86"},"potentialAction":[{"@type":"SearchAction","target":{"@type":"EntryPoint","urlTemplate":"https:\/\/www.inkultura-online.de\/politisch_unkorrekt\/?s={search_term_string}"},"query-input":{"@type":"PropertyValueSpecification","valueRequired":true,"valueName":"search_term_string"}}],"inLanguage":"de"},{"@type":["Person","Organization"],"@id":"https:\/\/www.inkultura-online.de\/politisch_unkorrekt\/#\/schema\/person\/5b30b80e385478896a1de221e1994d86","name":"Orator","image":{"@type":"ImageObject","inLanguage":"de","@id":"https:\/\/secure.gravatar.com\/avatar\/96e03166d31716e9c437060430eb7605c45a8ce6fb6dab483637ca6915dd0844?s=96&d=mm&r=g","url":"https:\/\/secure.gravatar.com\/avatar\/96e03166d31716e9c437060430eb7605c45a8ce6fb6dab483637ca6915dd0844?s=96&d=mm&r=g","contentUrl":"https:\/\/secure.gravatar.com\/avatar\/96e03166d31716e9c437060430eb7605c45a8ce6fb6dab483637ca6915dd0844?s=96&d=mm&r=g","caption":"Orator"},"logo":{"@id":"https:\/\/secure.gravatar.com\/avatar\/96e03166d31716e9c437060430eb7605c45a8ce6fb6dab483637ca6915dd0844?s=96&d=mm&r=g"},"url":"https:\/\/www.inkultura-online.de\/politisch_unkorrekt\/author\/1korrektor21-2\/"}]}},"_links":{"self":[{"href":"https:\/\/www.inkultura-online.de\/politisch_unkorrekt\/wp-json\/wp\/v2\/posts\/946","targetHints":{"allow":["GET"]}}],"collection":[{"href":"https:\/\/www.inkultura-online.de\/politisch_unkorrekt\/wp-json\/wp\/v2\/posts"}],"about":[{"href":"https:\/\/www.inkultura-online.de\/politisch_unkorrekt\/wp-json\/wp\/v2\/types\/post"}],"author":[{"embeddable":true,"href":"https:\/\/www.inkultura-online.de\/politisch_unkorrekt\/wp-json\/wp\/v2\/users\/1"}],"replies":[{"embeddable":true,"href":"https:\/\/www.inkultura-online.de\/politisch_unkorrekt\/wp-json\/wp\/v2\/comments?post=946"}],"version-history":[{"count":1,"href":"https:\/\/www.inkultura-online.de\/politisch_unkorrekt\/wp-json\/wp\/v2\/posts\/946\/revisions"}],"predecessor-version":[{"id":947,"href":"https:\/\/www.inkultura-online.de\/politisch_unkorrekt\/wp-json\/wp\/v2\/posts\/946\/revisions\/947"}],"wp:attachment":[{"href":"https:\/\/www.inkultura-online.de\/politisch_unkorrekt\/wp-json\/wp\/v2\/media?parent=946"}],"wp:term":[{"taxonomy":"category","embeddable":true,"href":"https:\/\/www.inkultura-online.de\/politisch_unkorrekt\/wp-json\/wp\/v2\/categories?post=946"},{"taxonomy":"post_tag","embeddable":true,"href":"https:\/\/www.inkultura-online.de\/politisch_unkorrekt\/wp-json\/wp\/v2\/tags?post=946"}],"curies":[{"name":"wp","href":"https:\/\/api.w.org\/{rel}","templated":true}]}}