{"id":952,"date":"2016-01-23T12:52:40","date_gmt":"2016-01-23T10:52:40","guid":{"rendered":"http:\/\/www.inkultura-online.de\/politisch_unkorrekt\/?p=952"},"modified":"2016-01-23T12:53:43","modified_gmt":"2016-01-23T10:53:43","slug":"von-experten-und-nuechternen-zahlen","status":"publish","type":"post","link":"https:\/\/www.inkultura-online.de\/politisch_unkorrekt\/von-experten-und-nuechternen-zahlen\/","title":{"rendered":"Von \u201eExperten\u201c und n\u00fcchternen Zahlen"},"content":{"rendered":"<p>Wenn sich, haupts\u00e4chlich in der \u00d6ffentlich-Rechtlichen-Verdummung, sog. \u201eExperten\u201c zu Wort melden, ist h\u00f6chste Vorsicht angesagt bez\u00fcglich des Aussagewertes und des Informationsgehalts derer \u201eExpertisen\u201c. Sp\u00e4testens seit der Beichte der WDR-Journalistin Claudia Zimmermann, die Hofberichterstatter h\u00e4tten von h\u00f6herer politischer Stelle die Anweisung, positiv \u00fcber \u201eFl\u00fcchtlinge\u201c zu berichten, wei\u00df der B\u00fcrger, was er von den Presstituierten der Systempresse zu halten hat.<!--more--><\/p>\n<p>Einer dieser \u201eExperten\u201c, der von den Claqueuren des politischen Mainstreams gern um seine, nat\u00fcrlich politisch korrekte Meinung gebeten wird, ist der Kriminologe Christian Pfeiffer, dessen Aussagen auch schon mal die Grenze des ver\u00f6ffentlichten Schwachsinns \u00fcberschreiten. Dessen diesbez\u00fcglich letzte Attacke auf die Lachmuskeln des kritischen B\u00fcrgers ist seine <a href=\"http:\/\/www.theguardian.com\/world\/2016\/jan\/06\/tensions-rise-in-germany-over-handling-of-mass-sexual-assaults-in-cologne\" target=\"_blank\">Diagnose<\/a>, dass der nordafrikanisch-\u201csyrische\u201c Mob, der in der Silvesternacht am K\u00f6lner Hauptbahnhof Jagd auf alles was nach Frau aussah gemacht hat, sich als Horde <i>&#8222;junge<\/i><i>(r)<\/i><i> alleinstehende<\/i><i>(r)<\/i><i> M\u00e4nner, die in dieses Land kommen und nicht wissen, was sie mit sich anfangen sollen.&#8220;<\/i> erwiesen hat und kommt zu dem Schluss \u2013 Achtung, Angriff auf das Humorzentrum des Gehirns \u2013 <i>&#8222;Dies ist ein Alarmsignal, dass wir mehr tun m\u00fcssen.&#8220;<\/i> Soll hei\u00dfen, die eigentlich Schuldigen an den sexuellen \u00dcbergriffen notgeiler Anh\u00e4nger der einzig wahren Religion seien die Deutschen, deren derzeitig praktizierte \u201eWillkommenskultur\u201c einfach nicht ausreichend ist, um die \u201eFl\u00fcchtlinge\u201c zufrieden zu stellen. Herr, lass Hirn vom Himmel fallen.<\/p>\n<p>Dabei reichen ein paar n\u00fcchterne Zahlen vollkommen aus, um den Ernst der Lage zu beschreiben. Von den mehr als 1 Million \u201eFl\u00fcchtlingen\u201c im Jahr 2015 waren 800.000 junge M\u00e4nner in der Altersgruppe von 15 \u2013 30 Jahren. Denen stehen jedoch nur f\u00fcnf Millionen autochthone M\u00e4nner im gleichen Alter gegen\u00fcber. Was das und der zu bef\u00fcrchtende Familiennachzug f\u00fcr die Zukunft unserer Heimat bedeutet, d\u00fcrfte klar auf der Hand liegen.<\/p>\n<p>Wenn deutsche Politiker nicht mehr dazu bereit sind, die Grenzen unseres Landes zu sch\u00fctzen und wenn die Bundeswehr im Vergleich zu den islamischen Sturmtruppen, die seit Monaten unser Land \u00fcberrollen nur noch 177.069 aktive <a href=\"http:\/\/www.bundeswehr.de\/portal\/a\/bwde\/!ut\/p\/c4\/DcmxDYAwDATAWVgg7unYAugc8kSWI4OMIesTXXm002D8SeWQy7jRStshc-4p94L0hENCnXEGUvXXSuMKG8FwBd26TD9uIZiT\/\" target=\"_blank\">Soldaten<\/a> unter Waffen \u2013 die z. T. funktionsunt\u00fcchtig sind &#8211; stehen hat, dann muss man von der Selbstzerst\u00f6rung Deutschlands sprechen und es ist an der Zeit, die daf\u00fcr Verantwortlichen vor Gericht zu stellen \u2013 allen voran die Gr\u00f6KaZ.<\/p>\n","protected":false},"excerpt":{"rendered":"<p>Wenn sich, haupts\u00e4chlich in der \u00d6ffentlich-Rechtlichen-Verdummung, sog. \u201eExperten\u201c zu Wort melden, ist h\u00f6chste Vorsicht angesagt bez\u00fcglich des Aussagewertes und des Informationsgehalts derer \u201eExpertisen\u201c. Sp\u00e4testens seit der Beichte der WDR-Journalistin Claudia Zimmermann, die Hofberichterstatter h\u00e4tten von h\u00f6herer politischer Stelle die Anweisung, &hellip; <a href=\"https:\/\/www.inkultura-online.de\/politisch_unkorrekt\/von-experten-und-nuechternen-zahlen\/\">Weiterlesen <span class=\"meta-nav\">&rarr;<\/span><\/a><\/p>\n","protected":false},"author":1,"featured_media":0,"comment_status":"open","ping_status":"open","sticky":false,"template":"","format":"standard","meta":{"footnotes":""},"categories":[3,444,10],"tags":[79,64,370,562],"class_list":["post-952","post","type-post","status-publish","format-standard","hentry","category-die-duemmsten-sprueche-der-woche","category-gedanken-zum-tag","category-systemfehler","tag-fluechtlinge","tag-groekaz","tag-invasion","tag-islamische-sturmtruppen"],"yoast_head":"<!-- This site is optimized with the Yoast SEO plugin v27.5 - https:\/\/yoast.com\/product\/yoast-seo-wordpress\/ -->\n<title>Von \u201eExperten\u201c und n\u00fcchternen Zahlen - Zeitgeist? Frei!<\/title>\n<meta name=\"robots\" content=\"index, follow, max-snippet:-1, max-image-preview:large, max-video-preview:-1\" \/>\n<link rel=\"canonical\" href=\"https:\/\/www.inkultura-online.de\/politisch_unkorrekt\/von-experten-und-nuechternen-zahlen\/\" \/>\n<meta property=\"og:locale\" content=\"de_DE\" \/>\n<meta property=\"og:type\" content=\"article\" \/>\n<meta property=\"og:title\" content=\"Von \u201eExperten\u201c und n\u00fcchternen Zahlen - Zeitgeist? Frei!\" \/>\n<meta property=\"og:description\" content=\"Wenn sich, haupts\u00e4chlich in der \u00d6ffentlich-Rechtlichen-Verdummung, sog. \u201eExperten\u201c zu Wort melden, ist h\u00f6chste Vorsicht angesagt bez\u00fcglich des Aussagewertes und des Informationsgehalts derer \u201eExpertisen\u201c. Sp\u00e4testens seit der Beichte der WDR-Journalistin Claudia Zimmermann, die Hofberichterstatter h\u00e4tten von h\u00f6herer politischer Stelle die Anweisung, &hellip; Weiterlesen &rarr;\" \/>\n<meta property=\"og:url\" content=\"https:\/\/www.inkultura-online.de\/politisch_unkorrekt\/von-experten-und-nuechternen-zahlen\/\" \/>\n<meta property=\"og:site_name\" content=\"Zeitgeist? Frei!\" \/>\n<meta property=\"article:published_time\" content=\"2016-01-23T10:52:40+00:00\" \/>\n<meta property=\"article:modified_time\" content=\"2016-01-23T10:53:43+00:00\" \/>\n<meta name=\"author\" content=\"Orator\" \/>\n<meta name=\"twitter:label1\" content=\"Verfasst von\" \/>\n\t<meta name=\"twitter:data1\" content=\"Orator\" \/>\n\t<meta name=\"twitter:label2\" content=\"Gesch\u00e4tzte Lesezeit\" \/>\n\t<meta name=\"twitter:data2\" content=\"2\u00a0Minuten\" \/>\n<script type=\"application\/ld+json\" class=\"yoast-schema-graph\">{\"@context\":\"https:\\\/\\\/schema.org\",\"@graph\":[{\"@type\":\"Article\",\"@id\":\"https:\\\/\\\/www.inkultura-online.de\\\/politisch_unkorrekt\\\/von-experten-und-nuechternen-zahlen\\\/#article\",\"isPartOf\":{\"@id\":\"https:\\\/\\\/www.inkultura-online.de\\\/politisch_unkorrekt\\\/von-experten-und-nuechternen-zahlen\\\/\"},\"author\":{\"name\":\"Orator\",\"@id\":\"https:\\\/\\\/www.inkultura-online.de\\\/politisch_unkorrekt\\\/#\\\/schema\\\/person\\\/5b30b80e385478896a1de221e1994d86\"},\"headline\":\"Von \u201eExperten\u201c und n\u00fcchternen Zahlen\",\"datePublished\":\"2016-01-23T10:52:40+00:00\",\"dateModified\":\"2016-01-23T10:53:43+00:00\",\"mainEntityOfPage\":{\"@id\":\"https:\\\/\\\/www.inkultura-online.de\\\/politisch_unkorrekt\\\/von-experten-und-nuechternen-zahlen\\\/\"},\"wordCount\":379,\"commentCount\":0,\"publisher\":{\"@id\":\"https:\\\/\\\/www.inkultura-online.de\\\/politisch_unkorrekt\\\/#\\\/schema\\\/person\\\/5b30b80e385478896a1de221e1994d86\"},\"keywords\":[\"Fl\u00fcchtlinge\",\"Gr\u00f6KaZ\",\"Invasion\",\"islamische Sturmtruppen\"],\"articleSection\":[\"Die d\u00fcmmsten Spr\u00fcche der Woche\",\"Gedanken zum Tag\",\"Systemfehler\"],\"inLanguage\":\"de\",\"potentialAction\":[{\"@type\":\"CommentAction\",\"name\":\"Comment\",\"target\":[\"https:\\\/\\\/www.inkultura-online.de\\\/politisch_unkorrekt\\\/von-experten-und-nuechternen-zahlen\\\/#respond\"]}]},{\"@type\":\"WebPage\",\"@id\":\"https:\\\/\\\/www.inkultura-online.de\\\/politisch_unkorrekt\\\/von-experten-und-nuechternen-zahlen\\\/\",\"url\":\"https:\\\/\\\/www.inkultura-online.de\\\/politisch_unkorrekt\\\/von-experten-und-nuechternen-zahlen\\\/\",\"name\":\"Von \u201eExperten\u201c und n\u00fcchternen Zahlen - Zeitgeist? Frei!\",\"isPartOf\":{\"@id\":\"https:\\\/\\\/www.inkultura-online.de\\\/politisch_unkorrekt\\\/#website\"},\"datePublished\":\"2016-01-23T10:52:40+00:00\",\"dateModified\":\"2016-01-23T10:53:43+00:00\",\"breadcrumb\":{\"@id\":\"https:\\\/\\\/www.inkultura-online.de\\\/politisch_unkorrekt\\\/von-experten-und-nuechternen-zahlen\\\/#breadcrumb\"},\"inLanguage\":\"de\",\"potentialAction\":[{\"@type\":\"ReadAction\",\"target\":[\"https:\\\/\\\/www.inkultura-online.de\\\/politisch_unkorrekt\\\/von-experten-und-nuechternen-zahlen\\\/\"]}]},{\"@type\":\"BreadcrumbList\",\"@id\":\"https:\\\/\\\/www.inkultura-online.de\\\/politisch_unkorrekt\\\/von-experten-und-nuechternen-zahlen\\\/#breadcrumb\",\"itemListElement\":[{\"@type\":\"ListItem\",\"position\":1,\"name\":\"Home\",\"item\":\"https:\\\/\\\/www.inkultura-online.de\\\/politisch_unkorrekt\\\/\"},{\"@type\":\"ListItem\",\"position\":2,\"name\":\"Von \u201eExperten\u201c und n\u00fcchternen Zahlen\"}]},{\"@type\":\"WebSite\",\"@id\":\"https:\\\/\\\/www.inkultura-online.de\\\/politisch_unkorrekt\\\/#website\",\"url\":\"https:\\\/\\\/www.inkultura-online.de\\\/politisch_unkorrekt\\\/\",\"name\":\"Zeitgeist? Frei!\",\"description\":\"Was Ihr den Geist der Zeiten hei\u00dft...\",\"publisher\":{\"@id\":\"https:\\\/\\\/www.inkultura-online.de\\\/politisch_unkorrekt\\\/#\\\/schema\\\/person\\\/5b30b80e385478896a1de221e1994d86\"},\"potentialAction\":[{\"@type\":\"SearchAction\",\"target\":{\"@type\":\"EntryPoint\",\"urlTemplate\":\"https:\\\/\\\/www.inkultura-online.de\\\/politisch_unkorrekt\\\/?s={search_term_string}\"},\"query-input\":{\"@type\":\"PropertyValueSpecification\",\"valueRequired\":true,\"valueName\":\"search_term_string\"}}],\"inLanguage\":\"de\"},{\"@type\":[\"Person\",\"Organization\"],\"@id\":\"https:\\\/\\\/www.inkultura-online.de\\\/politisch_unkorrekt\\\/#\\\/schema\\\/person\\\/5b30b80e385478896a1de221e1994d86\",\"name\":\"Orator\",\"image\":{\"@type\":\"ImageObject\",\"inLanguage\":\"de\",\"@id\":\"https:\\\/\\\/secure.gravatar.com\\\/avatar\\\/96e03166d31716e9c437060430eb7605c45a8ce6fb6dab483637ca6915dd0844?s=96&d=mm&r=g\",\"url\":\"https:\\\/\\\/secure.gravatar.com\\\/avatar\\\/96e03166d31716e9c437060430eb7605c45a8ce6fb6dab483637ca6915dd0844?s=96&d=mm&r=g\",\"contentUrl\":\"https:\\\/\\\/secure.gravatar.com\\\/avatar\\\/96e03166d31716e9c437060430eb7605c45a8ce6fb6dab483637ca6915dd0844?s=96&d=mm&r=g\",\"caption\":\"Orator\"},\"logo\":{\"@id\":\"https:\\\/\\\/secure.gravatar.com\\\/avatar\\\/96e03166d31716e9c437060430eb7605c45a8ce6fb6dab483637ca6915dd0844?s=96&d=mm&r=g\"},\"url\":\"https:\\\/\\\/www.inkultura-online.de\\\/politisch_unkorrekt\\\/author\\\/1korrektor21-2\\\/\"}]}<\/script>\n<!-- \/ Yoast SEO plugin. -->","yoast_head_json":{"title":"Von \u201eExperten\u201c und n\u00fcchternen Zahlen - Zeitgeist? Frei!","robots":{"index":"index","follow":"follow","max-snippet":"max-snippet:-1","max-image-preview":"max-image-preview:large","max-video-preview":"max-video-preview:-1"},"canonical":"https:\/\/www.inkultura-online.de\/politisch_unkorrekt\/von-experten-und-nuechternen-zahlen\/","og_locale":"de_DE","og_type":"article","og_title":"Von \u201eExperten\u201c und n\u00fcchternen Zahlen - Zeitgeist? Frei!","og_description":"Wenn sich, haupts\u00e4chlich in der \u00d6ffentlich-Rechtlichen-Verdummung, sog. \u201eExperten\u201c zu Wort melden, ist h\u00f6chste Vorsicht angesagt bez\u00fcglich des Aussagewertes und des Informationsgehalts derer \u201eExpertisen\u201c. Sp\u00e4testens seit der Beichte der WDR-Journalistin Claudia Zimmermann, die Hofberichterstatter h\u00e4tten von h\u00f6herer politischer Stelle die Anweisung, &hellip; Weiterlesen &rarr;","og_url":"https:\/\/www.inkultura-online.de\/politisch_unkorrekt\/von-experten-und-nuechternen-zahlen\/","og_site_name":"Zeitgeist? Frei!","article_published_time":"2016-01-23T10:52:40+00:00","article_modified_time":"2016-01-23T10:53:43+00:00","author":"Orator","twitter_misc":{"Verfasst von":"Orator","Gesch\u00e4tzte Lesezeit":"2\u00a0Minuten"},"schema":{"@context":"https:\/\/schema.org","@graph":[{"@type":"Article","@id":"https:\/\/www.inkultura-online.de\/politisch_unkorrekt\/von-experten-und-nuechternen-zahlen\/#article","isPartOf":{"@id":"https:\/\/www.inkultura-online.de\/politisch_unkorrekt\/von-experten-und-nuechternen-zahlen\/"},"author":{"name":"Orator","@id":"https:\/\/www.inkultura-online.de\/politisch_unkorrekt\/#\/schema\/person\/5b30b80e385478896a1de221e1994d86"},"headline":"Von \u201eExperten\u201c und n\u00fcchternen Zahlen","datePublished":"2016-01-23T10:52:40+00:00","dateModified":"2016-01-23T10:53:43+00:00","mainEntityOfPage":{"@id":"https:\/\/www.inkultura-online.de\/politisch_unkorrekt\/von-experten-und-nuechternen-zahlen\/"},"wordCount":379,"commentCount":0,"publisher":{"@id":"https:\/\/www.inkultura-online.de\/politisch_unkorrekt\/#\/schema\/person\/5b30b80e385478896a1de221e1994d86"},"keywords":["Fl\u00fcchtlinge","Gr\u00f6KaZ","Invasion","islamische Sturmtruppen"],"articleSection":["Die d\u00fcmmsten Spr\u00fcche der Woche","Gedanken zum Tag","Systemfehler"],"inLanguage":"de","potentialAction":[{"@type":"CommentAction","name":"Comment","target":["https:\/\/www.inkultura-online.de\/politisch_unkorrekt\/von-experten-und-nuechternen-zahlen\/#respond"]}]},{"@type":"WebPage","@id":"https:\/\/www.inkultura-online.de\/politisch_unkorrekt\/von-experten-und-nuechternen-zahlen\/","url":"https:\/\/www.inkultura-online.de\/politisch_unkorrekt\/von-experten-und-nuechternen-zahlen\/","name":"Von \u201eExperten\u201c und n\u00fcchternen Zahlen - Zeitgeist? Frei!","isPartOf":{"@id":"https:\/\/www.inkultura-online.de\/politisch_unkorrekt\/#website"},"datePublished":"2016-01-23T10:52:40+00:00","dateModified":"2016-01-23T10:53:43+00:00","breadcrumb":{"@id":"https:\/\/www.inkultura-online.de\/politisch_unkorrekt\/von-experten-und-nuechternen-zahlen\/#breadcrumb"},"inLanguage":"de","potentialAction":[{"@type":"ReadAction","target":["https:\/\/www.inkultura-online.de\/politisch_unkorrekt\/von-experten-und-nuechternen-zahlen\/"]}]},{"@type":"BreadcrumbList","@id":"https:\/\/www.inkultura-online.de\/politisch_unkorrekt\/von-experten-und-nuechternen-zahlen\/#breadcrumb","itemListElement":[{"@type":"ListItem","position":1,"name":"Home","item":"https:\/\/www.inkultura-online.de\/politisch_unkorrekt\/"},{"@type":"ListItem","position":2,"name":"Von \u201eExperten\u201c und n\u00fcchternen Zahlen"}]},{"@type":"WebSite","@id":"https:\/\/www.inkultura-online.de\/politisch_unkorrekt\/#website","url":"https:\/\/www.inkultura-online.de\/politisch_unkorrekt\/","name":"Zeitgeist? Frei!","description":"Was Ihr den Geist der Zeiten hei\u00dft...","publisher":{"@id":"https:\/\/www.inkultura-online.de\/politisch_unkorrekt\/#\/schema\/person\/5b30b80e385478896a1de221e1994d86"},"potentialAction":[{"@type":"SearchAction","target":{"@type":"EntryPoint","urlTemplate":"https:\/\/www.inkultura-online.de\/politisch_unkorrekt\/?s={search_term_string}"},"query-input":{"@type":"PropertyValueSpecification","valueRequired":true,"valueName":"search_term_string"}}],"inLanguage":"de"},{"@type":["Person","Organization"],"@id":"https:\/\/www.inkultura-online.de\/politisch_unkorrekt\/#\/schema\/person\/5b30b80e385478896a1de221e1994d86","name":"Orator","image":{"@type":"ImageObject","inLanguage":"de","@id":"https:\/\/secure.gravatar.com\/avatar\/96e03166d31716e9c437060430eb7605c45a8ce6fb6dab483637ca6915dd0844?s=96&d=mm&r=g","url":"https:\/\/secure.gravatar.com\/avatar\/96e03166d31716e9c437060430eb7605c45a8ce6fb6dab483637ca6915dd0844?s=96&d=mm&r=g","contentUrl":"https:\/\/secure.gravatar.com\/avatar\/96e03166d31716e9c437060430eb7605c45a8ce6fb6dab483637ca6915dd0844?s=96&d=mm&r=g","caption":"Orator"},"logo":{"@id":"https:\/\/secure.gravatar.com\/avatar\/96e03166d31716e9c437060430eb7605c45a8ce6fb6dab483637ca6915dd0844?s=96&d=mm&r=g"},"url":"https:\/\/www.inkultura-online.de\/politisch_unkorrekt\/author\/1korrektor21-2\/"}]}},"_links":{"self":[{"href":"https:\/\/www.inkultura-online.de\/politisch_unkorrekt\/wp-json\/wp\/v2\/posts\/952","targetHints":{"allow":["GET"]}}],"collection":[{"href":"https:\/\/www.inkultura-online.de\/politisch_unkorrekt\/wp-json\/wp\/v2\/posts"}],"about":[{"href":"https:\/\/www.inkultura-online.de\/politisch_unkorrekt\/wp-json\/wp\/v2\/types\/post"}],"author":[{"embeddable":true,"href":"https:\/\/www.inkultura-online.de\/politisch_unkorrekt\/wp-json\/wp\/v2\/users\/1"}],"replies":[{"embeddable":true,"href":"https:\/\/www.inkultura-online.de\/politisch_unkorrekt\/wp-json\/wp\/v2\/comments?post=952"}],"version-history":[{"count":2,"href":"https:\/\/www.inkultura-online.de\/politisch_unkorrekt\/wp-json\/wp\/v2\/posts\/952\/revisions"}],"predecessor-version":[{"id":954,"href":"https:\/\/www.inkultura-online.de\/politisch_unkorrekt\/wp-json\/wp\/v2\/posts\/952\/revisions\/954"}],"wp:attachment":[{"href":"https:\/\/www.inkultura-online.de\/politisch_unkorrekt\/wp-json\/wp\/v2\/media?parent=952"}],"wp:term":[{"taxonomy":"category","embeddable":true,"href":"https:\/\/www.inkultura-online.de\/politisch_unkorrekt\/wp-json\/wp\/v2\/categories?post=952"},{"taxonomy":"post_tag","embeddable":true,"href":"https:\/\/www.inkultura-online.de\/politisch_unkorrekt\/wp-json\/wp\/v2\/tags?post=952"}],"curies":[{"name":"wp","href":"https:\/\/api.w.org\/{rel}","templated":true}]}}