{"id":972,"date":"2016-01-30T14:05:25","date_gmt":"2016-01-30T12:05:25","guid":{"rendered":"http:\/\/www.inkultura-online.de\/politisch_unkorrekt\/?p=972"},"modified":"2016-01-30T14:05:25","modified_gmt":"2016-01-30T12:05:25","slug":"wenn-parteispenden-zum-akt-des-widerstands-wird","status":"publish","type":"post","link":"https:\/\/www.inkultura-online.de\/politisch_unkorrekt\/wenn-parteispenden-zum-akt-des-widerstands-wird\/","title":{"rendered":"Wenn Parteispenden zum Akt des Widerstands werden"},"content":{"rendered":"<p>Das im Dezember 2015 von der Bundesregierung beschlossene Gesetz zur Parteienfinanzierung, das der AfD untersagt, den gesamten Umsatz ihres Goldhandels f\u00fcr die Inanspruchnahme der staatlichen Teilfinanzierung geltend zu machen, hat sich als Rohrkrepierer erster G\u00fcte erwiesen. Das erkl\u00e4rte Ziel der politischen Kaste, die finanzielle Grundlage der unliebsamen weil b\u00fcrgernahen Partei zu untergraben, ging gr\u00fcndlich daneben.<!--more--><\/p>\n<p>Der Spendenaufruf der AfD nach der Gesetzes\u00e4nderung sp\u00fclte innerhalb weniger Wochen 3,1 Millionen Euro in deren Parteikasse. Wie ein Sprecher der AfD s\u00fcffisant mitteilte, habe die Partei inklusive der staatlichen Zusch\u00fcsse jetzt insgesamt 6,4 Millionen Euro zur Verf\u00fcgung. Das sind 1,4 Millionen Euro mehr als \u00fcber Zusch\u00fcsse f\u00fcr den Umsatz des Goldshops zu erzielen gewesen w\u00e4ren.<\/p>\n<p>Chapeau AfD, so bringt man die regierenden Volksverr\u00e4ter zum Kotzen. Weiter so!<\/p>\n<p>Was werden die Etablierten jetzt wohl unternehmen, um sich der immer erfolgreicher werdenden politischen Konkurrenz zu entledigen? Die AfD, nat\u00fcrlich zum Schutze der Demokratie, verbieten? Deren Verm\u00f6gen einziehen? Die Mitglieder, nat\u00fcrlich ebenfalls zum Schutze der Demokratie, verhaften? Der erste Versuch die Partei mit der \u00c4nderung des Parteiengesetzes platt zu machen, ist gescheitert. Mal sehen, als wie einfallsreich Maas und Konsorten sich erweisen werden. Da muss doch was zu machen sein&#8230;<\/p>\n","protected":false},"excerpt":{"rendered":"<p>Das im Dezember 2015 von der Bundesregierung beschlossene Gesetz zur Parteienfinanzierung, das der AfD untersagt, den gesamten Umsatz ihres Goldhandels f\u00fcr die Inanspruchnahme der staatlichen Teilfinanzierung geltend zu machen, hat sich als Rohrkrepierer erster G\u00fcte erwiesen. Das erkl\u00e4rte Ziel der &hellip; <a href=\"https:\/\/www.inkultura-online.de\/politisch_unkorrekt\/wenn-parteispenden-zum-akt-des-widerstands-wird\/\">Weiterlesen <span class=\"meta-nav\">&rarr;<\/span><\/a><\/p>\n","protected":false},"author":1,"featured_media":0,"comment_status":"open","ping_status":"open","sticky":false,"template":"","format":"standard","meta":{"footnotes":""},"categories":[444],"tags":[298,574,575],"class_list":["post-972","post","type-post","status-publish","format-standard","hentry","category-gedanken-zum-tag","tag-afd","tag-parteiengesetz","tag-parteispenden"],"yoast_head":"<!-- This site is optimized with the Yoast SEO plugin v27.5 - https:\/\/yoast.com\/product\/yoast-seo-wordpress\/ -->\n<title>Wenn Parteispenden zum Akt des Widerstands werden - Zeitgeist? Frei!<\/title>\n<meta name=\"robots\" content=\"index, follow, max-snippet:-1, max-image-preview:large, max-video-preview:-1\" \/>\n<link rel=\"canonical\" href=\"https:\/\/www.inkultura-online.de\/politisch_unkorrekt\/wenn-parteispenden-zum-akt-des-widerstands-wird\/\" \/>\n<meta property=\"og:locale\" content=\"de_DE\" \/>\n<meta property=\"og:type\" content=\"article\" \/>\n<meta property=\"og:title\" content=\"Wenn Parteispenden zum Akt des Widerstands werden - Zeitgeist? Frei!\" \/>\n<meta property=\"og:description\" content=\"Das im Dezember 2015 von der Bundesregierung beschlossene Gesetz zur Parteienfinanzierung, das der AfD untersagt, den gesamten Umsatz ihres Goldhandels f\u00fcr die Inanspruchnahme der staatlichen Teilfinanzierung geltend zu machen, hat sich als Rohrkrepierer erster G\u00fcte erwiesen. Das erkl\u00e4rte Ziel der &hellip; Weiterlesen &rarr;\" \/>\n<meta property=\"og:url\" content=\"https:\/\/www.inkultura-online.de\/politisch_unkorrekt\/wenn-parteispenden-zum-akt-des-widerstands-wird\/\" \/>\n<meta property=\"og:site_name\" content=\"Zeitgeist? Frei!\" \/>\n<meta property=\"article:published_time\" content=\"2016-01-30T12:05:25+00:00\" \/>\n<meta name=\"author\" content=\"Orator\" \/>\n<meta name=\"twitter:label1\" content=\"Verfasst von\" \/>\n\t<meta name=\"twitter:data1\" content=\"Orator\" \/>\n\t<meta name=\"twitter:label2\" content=\"Gesch\u00e4tzte Lesezeit\" \/>\n\t<meta name=\"twitter:data2\" content=\"1\u00a0Minute\" \/>\n<script type=\"application\/ld+json\" class=\"yoast-schema-graph\">{\"@context\":\"https:\\\/\\\/schema.org\",\"@graph\":[{\"@type\":\"Article\",\"@id\":\"https:\\\/\\\/www.inkultura-online.de\\\/politisch_unkorrekt\\\/wenn-parteispenden-zum-akt-des-widerstands-wird\\\/#article\",\"isPartOf\":{\"@id\":\"https:\\\/\\\/www.inkultura-online.de\\\/politisch_unkorrekt\\\/wenn-parteispenden-zum-akt-des-widerstands-wird\\\/\"},\"author\":{\"name\":\"Orator\",\"@id\":\"https:\\\/\\\/www.inkultura-online.de\\\/politisch_unkorrekt\\\/#\\\/schema\\\/person\\\/5b30b80e385478896a1de221e1994d86\"},\"headline\":\"Wenn Parteispenden zum Akt des Widerstands werden\",\"datePublished\":\"2016-01-30T12:05:25+00:00\",\"mainEntityOfPage\":{\"@id\":\"https:\\\/\\\/www.inkultura-online.de\\\/politisch_unkorrekt\\\/wenn-parteispenden-zum-akt-des-widerstands-wird\\\/\"},\"wordCount\":213,\"commentCount\":0,\"publisher\":{\"@id\":\"https:\\\/\\\/www.inkultura-online.de\\\/politisch_unkorrekt\\\/#\\\/schema\\\/person\\\/5b30b80e385478896a1de221e1994d86\"},\"keywords\":[\"AfD\",\"Parteiengesetz\",\"Parteispenden\"],\"articleSection\":[\"Gedanken zum Tag\"],\"inLanguage\":\"de\",\"potentialAction\":[{\"@type\":\"CommentAction\",\"name\":\"Comment\",\"target\":[\"https:\\\/\\\/www.inkultura-online.de\\\/politisch_unkorrekt\\\/wenn-parteispenden-zum-akt-des-widerstands-wird\\\/#respond\"]}]},{\"@type\":\"WebPage\",\"@id\":\"https:\\\/\\\/www.inkultura-online.de\\\/politisch_unkorrekt\\\/wenn-parteispenden-zum-akt-des-widerstands-wird\\\/\",\"url\":\"https:\\\/\\\/www.inkultura-online.de\\\/politisch_unkorrekt\\\/wenn-parteispenden-zum-akt-des-widerstands-wird\\\/\",\"name\":\"Wenn Parteispenden zum Akt des Widerstands werden - Zeitgeist? Frei!\",\"isPartOf\":{\"@id\":\"https:\\\/\\\/www.inkultura-online.de\\\/politisch_unkorrekt\\\/#website\"},\"datePublished\":\"2016-01-30T12:05:25+00:00\",\"breadcrumb\":{\"@id\":\"https:\\\/\\\/www.inkultura-online.de\\\/politisch_unkorrekt\\\/wenn-parteispenden-zum-akt-des-widerstands-wird\\\/#breadcrumb\"},\"inLanguage\":\"de\",\"potentialAction\":[{\"@type\":\"ReadAction\",\"target\":[\"https:\\\/\\\/www.inkultura-online.de\\\/politisch_unkorrekt\\\/wenn-parteispenden-zum-akt-des-widerstands-wird\\\/\"]}]},{\"@type\":\"BreadcrumbList\",\"@id\":\"https:\\\/\\\/www.inkultura-online.de\\\/politisch_unkorrekt\\\/wenn-parteispenden-zum-akt-des-widerstands-wird\\\/#breadcrumb\",\"itemListElement\":[{\"@type\":\"ListItem\",\"position\":1,\"name\":\"Home\",\"item\":\"https:\\\/\\\/www.inkultura-online.de\\\/politisch_unkorrekt\\\/\"},{\"@type\":\"ListItem\",\"position\":2,\"name\":\"Wenn Parteispenden zum Akt des Widerstands werden\"}]},{\"@type\":\"WebSite\",\"@id\":\"https:\\\/\\\/www.inkultura-online.de\\\/politisch_unkorrekt\\\/#website\",\"url\":\"https:\\\/\\\/www.inkultura-online.de\\\/politisch_unkorrekt\\\/\",\"name\":\"Zeitgeist? Frei!\",\"description\":\"Was Ihr den Geist der Zeiten hei\u00dft...\",\"publisher\":{\"@id\":\"https:\\\/\\\/www.inkultura-online.de\\\/politisch_unkorrekt\\\/#\\\/schema\\\/person\\\/5b30b80e385478896a1de221e1994d86\"},\"potentialAction\":[{\"@type\":\"SearchAction\",\"target\":{\"@type\":\"EntryPoint\",\"urlTemplate\":\"https:\\\/\\\/www.inkultura-online.de\\\/politisch_unkorrekt\\\/?s={search_term_string}\"},\"query-input\":{\"@type\":\"PropertyValueSpecification\",\"valueRequired\":true,\"valueName\":\"search_term_string\"}}],\"inLanguage\":\"de\"},{\"@type\":[\"Person\",\"Organization\"],\"@id\":\"https:\\\/\\\/www.inkultura-online.de\\\/politisch_unkorrekt\\\/#\\\/schema\\\/person\\\/5b30b80e385478896a1de221e1994d86\",\"name\":\"Orator\",\"image\":{\"@type\":\"ImageObject\",\"inLanguage\":\"de\",\"@id\":\"https:\\\/\\\/secure.gravatar.com\\\/avatar\\\/96e03166d31716e9c437060430eb7605c45a8ce6fb6dab483637ca6915dd0844?s=96&d=mm&r=g\",\"url\":\"https:\\\/\\\/secure.gravatar.com\\\/avatar\\\/96e03166d31716e9c437060430eb7605c45a8ce6fb6dab483637ca6915dd0844?s=96&d=mm&r=g\",\"contentUrl\":\"https:\\\/\\\/secure.gravatar.com\\\/avatar\\\/96e03166d31716e9c437060430eb7605c45a8ce6fb6dab483637ca6915dd0844?s=96&d=mm&r=g\",\"caption\":\"Orator\"},\"logo\":{\"@id\":\"https:\\\/\\\/secure.gravatar.com\\\/avatar\\\/96e03166d31716e9c437060430eb7605c45a8ce6fb6dab483637ca6915dd0844?s=96&d=mm&r=g\"},\"url\":\"https:\\\/\\\/www.inkultura-online.de\\\/politisch_unkorrekt\\\/author\\\/1korrektor21-2\\\/\"}]}<\/script>\n<!-- \/ Yoast SEO plugin. -->","yoast_head_json":{"title":"Wenn Parteispenden zum Akt des Widerstands werden - Zeitgeist? Frei!","robots":{"index":"index","follow":"follow","max-snippet":"max-snippet:-1","max-image-preview":"max-image-preview:large","max-video-preview":"max-video-preview:-1"},"canonical":"https:\/\/www.inkultura-online.de\/politisch_unkorrekt\/wenn-parteispenden-zum-akt-des-widerstands-wird\/","og_locale":"de_DE","og_type":"article","og_title":"Wenn Parteispenden zum Akt des Widerstands werden - Zeitgeist? Frei!","og_description":"Das im Dezember 2015 von der Bundesregierung beschlossene Gesetz zur Parteienfinanzierung, das der AfD untersagt, den gesamten Umsatz ihres Goldhandels f\u00fcr die Inanspruchnahme der staatlichen Teilfinanzierung geltend zu machen, hat sich als Rohrkrepierer erster G\u00fcte erwiesen. Das erkl\u00e4rte Ziel der &hellip; Weiterlesen &rarr;","og_url":"https:\/\/www.inkultura-online.de\/politisch_unkorrekt\/wenn-parteispenden-zum-akt-des-widerstands-wird\/","og_site_name":"Zeitgeist? Frei!","article_published_time":"2016-01-30T12:05:25+00:00","author":"Orator","twitter_misc":{"Verfasst von":"Orator","Gesch\u00e4tzte Lesezeit":"1\u00a0Minute"},"schema":{"@context":"https:\/\/schema.org","@graph":[{"@type":"Article","@id":"https:\/\/www.inkultura-online.de\/politisch_unkorrekt\/wenn-parteispenden-zum-akt-des-widerstands-wird\/#article","isPartOf":{"@id":"https:\/\/www.inkultura-online.de\/politisch_unkorrekt\/wenn-parteispenden-zum-akt-des-widerstands-wird\/"},"author":{"name":"Orator","@id":"https:\/\/www.inkultura-online.de\/politisch_unkorrekt\/#\/schema\/person\/5b30b80e385478896a1de221e1994d86"},"headline":"Wenn Parteispenden zum Akt des Widerstands werden","datePublished":"2016-01-30T12:05:25+00:00","mainEntityOfPage":{"@id":"https:\/\/www.inkultura-online.de\/politisch_unkorrekt\/wenn-parteispenden-zum-akt-des-widerstands-wird\/"},"wordCount":213,"commentCount":0,"publisher":{"@id":"https:\/\/www.inkultura-online.de\/politisch_unkorrekt\/#\/schema\/person\/5b30b80e385478896a1de221e1994d86"},"keywords":["AfD","Parteiengesetz","Parteispenden"],"articleSection":["Gedanken zum Tag"],"inLanguage":"de","potentialAction":[{"@type":"CommentAction","name":"Comment","target":["https:\/\/www.inkultura-online.de\/politisch_unkorrekt\/wenn-parteispenden-zum-akt-des-widerstands-wird\/#respond"]}]},{"@type":"WebPage","@id":"https:\/\/www.inkultura-online.de\/politisch_unkorrekt\/wenn-parteispenden-zum-akt-des-widerstands-wird\/","url":"https:\/\/www.inkultura-online.de\/politisch_unkorrekt\/wenn-parteispenden-zum-akt-des-widerstands-wird\/","name":"Wenn Parteispenden zum Akt des Widerstands werden - Zeitgeist? Frei!","isPartOf":{"@id":"https:\/\/www.inkultura-online.de\/politisch_unkorrekt\/#website"},"datePublished":"2016-01-30T12:05:25+00:00","breadcrumb":{"@id":"https:\/\/www.inkultura-online.de\/politisch_unkorrekt\/wenn-parteispenden-zum-akt-des-widerstands-wird\/#breadcrumb"},"inLanguage":"de","potentialAction":[{"@type":"ReadAction","target":["https:\/\/www.inkultura-online.de\/politisch_unkorrekt\/wenn-parteispenden-zum-akt-des-widerstands-wird\/"]}]},{"@type":"BreadcrumbList","@id":"https:\/\/www.inkultura-online.de\/politisch_unkorrekt\/wenn-parteispenden-zum-akt-des-widerstands-wird\/#breadcrumb","itemListElement":[{"@type":"ListItem","position":1,"name":"Home","item":"https:\/\/www.inkultura-online.de\/politisch_unkorrekt\/"},{"@type":"ListItem","position":2,"name":"Wenn Parteispenden zum Akt des Widerstands werden"}]},{"@type":"WebSite","@id":"https:\/\/www.inkultura-online.de\/politisch_unkorrekt\/#website","url":"https:\/\/www.inkultura-online.de\/politisch_unkorrekt\/","name":"Zeitgeist? Frei!","description":"Was Ihr den Geist der Zeiten hei\u00dft...","publisher":{"@id":"https:\/\/www.inkultura-online.de\/politisch_unkorrekt\/#\/schema\/person\/5b30b80e385478896a1de221e1994d86"},"potentialAction":[{"@type":"SearchAction","target":{"@type":"EntryPoint","urlTemplate":"https:\/\/www.inkultura-online.de\/politisch_unkorrekt\/?s={search_term_string}"},"query-input":{"@type":"PropertyValueSpecification","valueRequired":true,"valueName":"search_term_string"}}],"inLanguage":"de"},{"@type":["Person","Organization"],"@id":"https:\/\/www.inkultura-online.de\/politisch_unkorrekt\/#\/schema\/person\/5b30b80e385478896a1de221e1994d86","name":"Orator","image":{"@type":"ImageObject","inLanguage":"de","@id":"https:\/\/secure.gravatar.com\/avatar\/96e03166d31716e9c437060430eb7605c45a8ce6fb6dab483637ca6915dd0844?s=96&d=mm&r=g","url":"https:\/\/secure.gravatar.com\/avatar\/96e03166d31716e9c437060430eb7605c45a8ce6fb6dab483637ca6915dd0844?s=96&d=mm&r=g","contentUrl":"https:\/\/secure.gravatar.com\/avatar\/96e03166d31716e9c437060430eb7605c45a8ce6fb6dab483637ca6915dd0844?s=96&d=mm&r=g","caption":"Orator"},"logo":{"@id":"https:\/\/secure.gravatar.com\/avatar\/96e03166d31716e9c437060430eb7605c45a8ce6fb6dab483637ca6915dd0844?s=96&d=mm&r=g"},"url":"https:\/\/www.inkultura-online.de\/politisch_unkorrekt\/author\/1korrektor21-2\/"}]}},"_links":{"self":[{"href":"https:\/\/www.inkultura-online.de\/politisch_unkorrekt\/wp-json\/wp\/v2\/posts\/972","targetHints":{"allow":["GET"]}}],"collection":[{"href":"https:\/\/www.inkultura-online.de\/politisch_unkorrekt\/wp-json\/wp\/v2\/posts"}],"about":[{"href":"https:\/\/www.inkultura-online.de\/politisch_unkorrekt\/wp-json\/wp\/v2\/types\/post"}],"author":[{"embeddable":true,"href":"https:\/\/www.inkultura-online.de\/politisch_unkorrekt\/wp-json\/wp\/v2\/users\/1"}],"replies":[{"embeddable":true,"href":"https:\/\/www.inkultura-online.de\/politisch_unkorrekt\/wp-json\/wp\/v2\/comments?post=972"}],"version-history":[{"count":1,"href":"https:\/\/www.inkultura-online.de\/politisch_unkorrekt\/wp-json\/wp\/v2\/posts\/972\/revisions"}],"predecessor-version":[{"id":973,"href":"https:\/\/www.inkultura-online.de\/politisch_unkorrekt\/wp-json\/wp\/v2\/posts\/972\/revisions\/973"}],"wp:attachment":[{"href":"https:\/\/www.inkultura-online.de\/politisch_unkorrekt\/wp-json\/wp\/v2\/media?parent=972"}],"wp:term":[{"taxonomy":"category","embeddable":true,"href":"https:\/\/www.inkultura-online.de\/politisch_unkorrekt\/wp-json\/wp\/v2\/categories?post=972"},{"taxonomy":"post_tag","embeddable":true,"href":"https:\/\/www.inkultura-online.de\/politisch_unkorrekt\/wp-json\/wp\/v2\/tags?post=972"}],"curies":[{"name":"wp","href":"https:\/\/api.w.org\/{rel}","templated":true}]}}