{"id":974,"date":"2016-01-31T12:56:01","date_gmt":"2016-01-31T10:56:01","guid":{"rendered":"http:\/\/www.inkultura-online.de\/politisch_unkorrekt\/?p=974"},"modified":"2016-01-31T13:03:41","modified_gmt":"2016-01-31T11:03:41","slug":"die-gruenen-haben-endlich-das-ihnen-angemessene-niveau-erreicht","status":"publish","type":"post","link":"https:\/\/www.inkultura-online.de\/politisch_unkorrekt\/die-gruenen-haben-endlich-das-ihnen-angemessene-niveau-erreicht\/","title":{"rendered":"Die Gr\u00fcnen haben endlich das ihnen angemessene Niveau erreicht"},"content":{"rendered":"<p>Die Gr\u00fcnen sind eine Partei, die sich am liebsten mit Bevormundungen, Regelungen, Verboten und sonstigen restriktiven Ma\u00dfnahmen besch\u00e4ftigt. Unvergessen die Rinderwahnsinnsidee einer Renate K\u00fcnast, in deutschen Kantinen, ach was, am liebsten in ganz Deutschland einen Veggie-Day, einen fleischfreien Tag einzuf\u00fchren. Auch Dosen-Trittin, der gr\u00fcn gewendete Altkommunist, sorgte mit seinem Sammelerlass f\u00fcr das runde Aluminium f\u00fcr reichlich Wirbel.<!--more--><\/p>\n<p>Man kann es drehen wenden wie man will, die Gr\u00fcnen sind im Kern ihres politischen Wesens der NSDAP n\u00e4her, als ihnen vielleicht bewusst ist. Auch so manch gr\u00fcner Politiker und gr\u00fcne Politikerin ist, misst man sie am normalen intellektuellen Niveau, eher unterdurchschnittlich aufgestellt. Claudia Roth, die ehemalige Bundesbetroffenheitsbeauftragte und ihre Parteikollegin Katrin Dagmar G\u00f6ring-Eckard, beide Studienabbrecherinnen, stehen stellvertretend f\u00fcr das Niveaudebakel der Gr\u00fcnen.<\/p>\n<p>Jetzt engagiert sich diese Partei, denen bekanntlich alles Autochthone am Arsch vorbei geht und die am liebsten alle Deutschen gegen \u201eZuwanderer\u201c, \u201eFl\u00fcchtlinge\u201c und alles was auch nur den Hauch von Multikulturalit\u00e4t ausstr\u00f6mt, austauschen w\u00fcrden. Unvergessen Pr\u00fcgel-Fischers Aussage bez\u00fcglich der flei\u00dfigen Deutschen und deren Geld:<\/p>\n<blockquote><p><span style=\"color: #000000;\">\u201eDeutschland ist ein Problem, weil die Deutschen flei\u00dfiger, disziplinierter und begabter als der Rest Europas (und der Welt) sind. Das wird immer wieder zu \u2018Ungleichgewichten\u2019 f\u00fchren. Dem kann aber gegengesteuert werden, indem so viel Geld wie nur m\u00f6glich aus<\/span><span style=\"color: #000000;\"> D<\/span><span style=\"color: #000000;\">eutschland <\/span><span style=\"color: #000000;\">heraus geleitet<\/span><span style=\"color: #000000;\"> wird. Es ist<\/span><span style=\"color: #000000;\"> vollkomme<\/span><span style=\"color: #000000;\">n<\/span><span style=\"color: #000000;\"> egal wof\u00fcr, es kann auch radikal verschwendet werden \u2013 Hauptsache, die Deutschen haben es nicht. Schon ist die Welt gerettet.\u201c<\/span><\/p><\/blockquote>\n<p>Damit sind bekanntlich, nicht nur gr\u00fcne, Politiker seit Jahren besch\u00e4ftigt. Eurorettung, Bankenrettung und Griechenlandrettung. Und weil das alles so sch\u00f6n geklappt hat und der deutsche Michel brav seine Schnauze gehalten hat und immer wieder sein Kreuzchen bei den Parteien des Volksverrats gemacht hat, treiben die es jetzt noch bunter und laden die ganze Welt ein, sich in Deutschland auf Kosten der Allgemeinheit niederzulassen. Bislang klappt das ja auch vorz\u00fcglich.<\/p>\n<p>Damit die erkl\u00e4rten Lieblinge der Gr\u00fcnen, die dringend ben\u00f6tigten Fachkr\u00e4fte, die Rentensicherer und alle die, die das Leben in Deutschland blutig-bunter gestalten werden hier auch nicht damit zu sehr beansprucht sind die deutsche Sprache lernen zu m\u00fcssen, haben die Gr\u00fcnen sich was Feines ausgedacht.<\/p>\n<p>Die f\u00fchren n\u00e4mlich eine Kampagne f\u00fcr \u201eLeichte Sprache\u201c. Was ist \u201eLeichte Sprache\u201c? Auf der Internetseite der gr\u00fcnen Politikerin <a href=\"http:\/\/kerstin-celina.de\/leichte-sprache\/\" target=\"_blank\">Kerstin Celina<\/a> kann man die Zukunft der zwischenmenschlicher Kommunikation bereits jetzt sehen.<\/p>\n<p><span style=\"font-family: Liberation Serif,serif;\"><span style=\"font-size: medium;\"><i>Viele Leute haben mich gew\u00e4hlt.<\/i><\/span><\/span><\/p>\n<p><span style=\"font-family: Liberation Serif,serif;\"><span style=\"font-size: medium;\"><i>Jetzt bin ich Abgeordnete im Landtag von Bayern, in M\u00fcnchen.<\/i><\/span><\/span><\/p>\n<p><span style=\"font-family: Liberation Serif,serif;\"><span style=\"font-size: medium;\"><i>Dort werden wichtige Sachen entschieden.<\/i><\/span><\/span><\/p>\n<p><i><span style=\"font-family: Liberation Serif,serif;\"><span style=\"font-size: medium;\">Ich bin gerne zuhause. Bei meiner Familie.<\/span><\/span><\/i><\/p>\n<p><i>Das ist sehr sch\u00f6n. Wir wohnen in einem Dorf.<\/i><\/p>\n<p><i>Ich mag lustige B\u00fccher, zum Beispiel \u201eAn der Arche um acht\u201c.<\/i><\/p>\n<p><i>Ich war in W\u00fcrzburg in der Schule.<\/i><\/p>\n<p><i>Nach der Schule habe ich studiert. An der Universit\u00e4t.<\/i><\/p>\n<p><i>Englisch kann ich auch sprechen.<\/i><\/p>\n<p><i>Du bist ein ganz besonderer Mensch.<\/i><\/p>\n<p><i>Ich bin ein ganz besonderer Mensch.<\/i><\/p>\n<p>War die vor Jahren politisch initiierte \u201eRechtschreibreform\u201c bereits der Versuch, Migranten das Erlernen der deutschen Sprache zu erleichtern, so l\u00e4uft der aktuelle Versuchsballon <a href=\"http:\/\/www.leichtesprache.org\/images\/Regeln_Leichte_Sprache.pdf\" target=\"_blank\">\u201eLeichte Sprache\u201c<\/a> darauf hinaus, die sprachlichen Anforderungen an \u201eMigranten\u201c auf ein tieferes Niveau zu bringen und damit gleichzeitig diejenigen, die in ihren Stellenausschreibungen explizit darauf hinweisen, dass die sich bewerbende Person \u00fcber ausreichende Sprachkenntnisse verf\u00fcgen muss, um einen qualifizierten Beruf ergreifen zu k\u00f6nnen, als fremdenfeindlich oder gar rassistisch zu brandmarken.<\/p>\n<p>Es geht also in Wahrheit um das generelle Absenken des sprachlichen Niveaus. Nicht die zuk\u00fcnftigen ausl\u00e4ndischen Fachkr\u00e4fte sollen die deutsche Sprache lernen, sondern die Autochthonen haben sich gef\u00e4lligst auf die Standards der Invasoren einzustellen.<\/p>\n<p><span style=\"text-decoration: underline;\">Lektion 1:<\/span><\/p>\n<p>Ich Deutscher.<\/p>\n<p>Ich b\u00f6se.<\/p>\n<p>Du Migrant.<\/p>\n<p>Du gut.<\/p>\n","protected":false},"excerpt":{"rendered":"<p>Die Gr\u00fcnen sind eine Partei, die sich am liebsten mit Bevormundungen, Regelungen, Verboten und sonstigen restriktiven Ma\u00dfnahmen besch\u00e4ftigt. Unvergessen die Rinderwahnsinnsidee einer Renate K\u00fcnast, in deutschen Kantinen, ach was, am liebsten in ganz Deutschland einen Veggie-Day, einen fleischfreien Tag einzuf\u00fchren. &hellip; <a href=\"https:\/\/www.inkultura-online.de\/politisch_unkorrekt\/die-gruenen-haben-endlich-das-ihnen-angemessene-niveau-erreicht\/\">Weiterlesen <span class=\"meta-nav\">&rarr;<\/span><\/a><\/p>\n","protected":false},"author":1,"featured_media":0,"comment_status":"open","ping_status":"open","sticky":false,"template":"","format":"standard","meta":{"footnotes":""},"categories":[1,444],"tags":[577,578,576,225],"class_list":["post-974","post","type-post","status-publish","format-standard","hentry","category-fundstuecke","category-gedanken-zum-tag","tag-deutsche-sprache","tag-die-gruenen","tag-leichte-sprache","tag-volksverraeter"],"yoast_head":"<!-- This site is optimized with the Yoast SEO plugin v27.5 - https:\/\/yoast.com\/product\/yoast-seo-wordpress\/ -->\n<title>Die Gr\u00fcnen haben endlich das ihnen angemessene Niveau erreicht - Zeitgeist? Frei!<\/title>\n<meta name=\"robots\" content=\"index, follow, max-snippet:-1, max-image-preview:large, max-video-preview:-1\" \/>\n<link rel=\"canonical\" href=\"https:\/\/www.inkultura-online.de\/politisch_unkorrekt\/die-gruenen-haben-endlich-das-ihnen-angemessene-niveau-erreicht\/\" \/>\n<meta property=\"og:locale\" content=\"de_DE\" \/>\n<meta property=\"og:type\" content=\"article\" \/>\n<meta property=\"og:title\" content=\"Die Gr\u00fcnen haben endlich das ihnen angemessene Niveau erreicht - Zeitgeist? Frei!\" \/>\n<meta property=\"og:description\" content=\"Die Gr\u00fcnen sind eine Partei, die sich am liebsten mit Bevormundungen, Regelungen, Verboten und sonstigen restriktiven Ma\u00dfnahmen besch\u00e4ftigt. Unvergessen die Rinderwahnsinnsidee einer Renate K\u00fcnast, in deutschen Kantinen, ach was, am liebsten in ganz Deutschland einen Veggie-Day, einen fleischfreien Tag einzuf\u00fchren. &hellip; Weiterlesen &rarr;\" \/>\n<meta property=\"og:url\" content=\"https:\/\/www.inkultura-online.de\/politisch_unkorrekt\/die-gruenen-haben-endlich-das-ihnen-angemessene-niveau-erreicht\/\" \/>\n<meta property=\"og:site_name\" content=\"Zeitgeist? Frei!\" \/>\n<meta property=\"article:published_time\" content=\"2016-01-31T10:56:01+00:00\" \/>\n<meta property=\"article:modified_time\" content=\"2016-01-31T11:03:41+00:00\" \/>\n<meta name=\"author\" content=\"Orator\" \/>\n<meta name=\"twitter:label1\" content=\"Verfasst von\" \/>\n\t<meta name=\"twitter:data1\" content=\"Orator\" \/>\n\t<meta name=\"twitter:label2\" content=\"Gesch\u00e4tzte Lesezeit\" \/>\n\t<meta name=\"twitter:data2\" content=\"3\u00a0Minuten\" \/>\n<script type=\"application\/ld+json\" class=\"yoast-schema-graph\">{\"@context\":\"https:\\\/\\\/schema.org\",\"@graph\":[{\"@type\":\"Article\",\"@id\":\"https:\\\/\\\/www.inkultura-online.de\\\/politisch_unkorrekt\\\/die-gruenen-haben-endlich-das-ihnen-angemessene-niveau-erreicht\\\/#article\",\"isPartOf\":{\"@id\":\"https:\\\/\\\/www.inkultura-online.de\\\/politisch_unkorrekt\\\/die-gruenen-haben-endlich-das-ihnen-angemessene-niveau-erreicht\\\/\"},\"author\":{\"name\":\"Orator\",\"@id\":\"https:\\\/\\\/www.inkultura-online.de\\\/politisch_unkorrekt\\\/#\\\/schema\\\/person\\\/5b30b80e385478896a1de221e1994d86\"},\"headline\":\"Die Gr\u00fcnen haben endlich das ihnen angemessene Niveau erreicht\",\"datePublished\":\"2016-01-31T10:56:01+00:00\",\"dateModified\":\"2016-01-31T11:03:41+00:00\",\"mainEntityOfPage\":{\"@id\":\"https:\\\/\\\/www.inkultura-online.de\\\/politisch_unkorrekt\\\/die-gruenen-haben-endlich-das-ihnen-angemessene-niveau-erreicht\\\/\"},\"wordCount\":634,\"commentCount\":0,\"publisher\":{\"@id\":\"https:\\\/\\\/www.inkultura-online.de\\\/politisch_unkorrekt\\\/#\\\/schema\\\/person\\\/5b30b80e385478896a1de221e1994d86\"},\"keywords\":[\"deutsche Sprache\",\"die Gr\u00fcnen\",\"Leichte Sprache\",\"Volksverr\u00e4ter\"],\"articleSection\":[\"Fundst\u00fccke\",\"Gedanken zum Tag\"],\"inLanguage\":\"de\",\"potentialAction\":[{\"@type\":\"CommentAction\",\"name\":\"Comment\",\"target\":[\"https:\\\/\\\/www.inkultura-online.de\\\/politisch_unkorrekt\\\/die-gruenen-haben-endlich-das-ihnen-angemessene-niveau-erreicht\\\/#respond\"]}]},{\"@type\":\"WebPage\",\"@id\":\"https:\\\/\\\/www.inkultura-online.de\\\/politisch_unkorrekt\\\/die-gruenen-haben-endlich-das-ihnen-angemessene-niveau-erreicht\\\/\",\"url\":\"https:\\\/\\\/www.inkultura-online.de\\\/politisch_unkorrekt\\\/die-gruenen-haben-endlich-das-ihnen-angemessene-niveau-erreicht\\\/\",\"name\":\"Die Gr\u00fcnen haben endlich das ihnen angemessene Niveau erreicht - Zeitgeist? Frei!\",\"isPartOf\":{\"@id\":\"https:\\\/\\\/www.inkultura-online.de\\\/politisch_unkorrekt\\\/#website\"},\"datePublished\":\"2016-01-31T10:56:01+00:00\",\"dateModified\":\"2016-01-31T11:03:41+00:00\",\"breadcrumb\":{\"@id\":\"https:\\\/\\\/www.inkultura-online.de\\\/politisch_unkorrekt\\\/die-gruenen-haben-endlich-das-ihnen-angemessene-niveau-erreicht\\\/#breadcrumb\"},\"inLanguage\":\"de\",\"potentialAction\":[{\"@type\":\"ReadAction\",\"target\":[\"https:\\\/\\\/www.inkultura-online.de\\\/politisch_unkorrekt\\\/die-gruenen-haben-endlich-das-ihnen-angemessene-niveau-erreicht\\\/\"]}]},{\"@type\":\"BreadcrumbList\",\"@id\":\"https:\\\/\\\/www.inkultura-online.de\\\/politisch_unkorrekt\\\/die-gruenen-haben-endlich-das-ihnen-angemessene-niveau-erreicht\\\/#breadcrumb\",\"itemListElement\":[{\"@type\":\"ListItem\",\"position\":1,\"name\":\"Home\",\"item\":\"https:\\\/\\\/www.inkultura-online.de\\\/politisch_unkorrekt\\\/\"},{\"@type\":\"ListItem\",\"position\":2,\"name\":\"Die Gr\u00fcnen haben endlich das ihnen angemessene Niveau erreicht\"}]},{\"@type\":\"WebSite\",\"@id\":\"https:\\\/\\\/www.inkultura-online.de\\\/politisch_unkorrekt\\\/#website\",\"url\":\"https:\\\/\\\/www.inkultura-online.de\\\/politisch_unkorrekt\\\/\",\"name\":\"Zeitgeist? Frei!\",\"description\":\"Was Ihr den Geist der Zeiten hei\u00dft...\",\"publisher\":{\"@id\":\"https:\\\/\\\/www.inkultura-online.de\\\/politisch_unkorrekt\\\/#\\\/schema\\\/person\\\/5b30b80e385478896a1de221e1994d86\"},\"potentialAction\":[{\"@type\":\"SearchAction\",\"target\":{\"@type\":\"EntryPoint\",\"urlTemplate\":\"https:\\\/\\\/www.inkultura-online.de\\\/politisch_unkorrekt\\\/?s={search_term_string}\"},\"query-input\":{\"@type\":\"PropertyValueSpecification\",\"valueRequired\":true,\"valueName\":\"search_term_string\"}}],\"inLanguage\":\"de\"},{\"@type\":[\"Person\",\"Organization\"],\"@id\":\"https:\\\/\\\/www.inkultura-online.de\\\/politisch_unkorrekt\\\/#\\\/schema\\\/person\\\/5b30b80e385478896a1de221e1994d86\",\"name\":\"Orator\",\"image\":{\"@type\":\"ImageObject\",\"inLanguage\":\"de\",\"@id\":\"https:\\\/\\\/secure.gravatar.com\\\/avatar\\\/96e03166d31716e9c437060430eb7605c45a8ce6fb6dab483637ca6915dd0844?s=96&d=mm&r=g\",\"url\":\"https:\\\/\\\/secure.gravatar.com\\\/avatar\\\/96e03166d31716e9c437060430eb7605c45a8ce6fb6dab483637ca6915dd0844?s=96&d=mm&r=g\",\"contentUrl\":\"https:\\\/\\\/secure.gravatar.com\\\/avatar\\\/96e03166d31716e9c437060430eb7605c45a8ce6fb6dab483637ca6915dd0844?s=96&d=mm&r=g\",\"caption\":\"Orator\"},\"logo\":{\"@id\":\"https:\\\/\\\/secure.gravatar.com\\\/avatar\\\/96e03166d31716e9c437060430eb7605c45a8ce6fb6dab483637ca6915dd0844?s=96&d=mm&r=g\"},\"url\":\"https:\\\/\\\/www.inkultura-online.de\\\/politisch_unkorrekt\\\/author\\\/1korrektor21-2\\\/\"}]}<\/script>\n<!-- \/ Yoast SEO plugin. -->","yoast_head_json":{"title":"Die Gr\u00fcnen haben endlich das ihnen angemessene Niveau erreicht - Zeitgeist? Frei!","robots":{"index":"index","follow":"follow","max-snippet":"max-snippet:-1","max-image-preview":"max-image-preview:large","max-video-preview":"max-video-preview:-1"},"canonical":"https:\/\/www.inkultura-online.de\/politisch_unkorrekt\/die-gruenen-haben-endlich-das-ihnen-angemessene-niveau-erreicht\/","og_locale":"de_DE","og_type":"article","og_title":"Die Gr\u00fcnen haben endlich das ihnen angemessene Niveau erreicht - Zeitgeist? Frei!","og_description":"Die Gr\u00fcnen sind eine Partei, die sich am liebsten mit Bevormundungen, Regelungen, Verboten und sonstigen restriktiven Ma\u00dfnahmen besch\u00e4ftigt. Unvergessen die Rinderwahnsinnsidee einer Renate K\u00fcnast, in deutschen Kantinen, ach was, am liebsten in ganz Deutschland einen Veggie-Day, einen fleischfreien Tag einzuf\u00fchren. &hellip; Weiterlesen &rarr;","og_url":"https:\/\/www.inkultura-online.de\/politisch_unkorrekt\/die-gruenen-haben-endlich-das-ihnen-angemessene-niveau-erreicht\/","og_site_name":"Zeitgeist? Frei!","article_published_time":"2016-01-31T10:56:01+00:00","article_modified_time":"2016-01-31T11:03:41+00:00","author":"Orator","twitter_misc":{"Verfasst von":"Orator","Gesch\u00e4tzte Lesezeit":"3\u00a0Minuten"},"schema":{"@context":"https:\/\/schema.org","@graph":[{"@type":"Article","@id":"https:\/\/www.inkultura-online.de\/politisch_unkorrekt\/die-gruenen-haben-endlich-das-ihnen-angemessene-niveau-erreicht\/#article","isPartOf":{"@id":"https:\/\/www.inkultura-online.de\/politisch_unkorrekt\/die-gruenen-haben-endlich-das-ihnen-angemessene-niveau-erreicht\/"},"author":{"name":"Orator","@id":"https:\/\/www.inkultura-online.de\/politisch_unkorrekt\/#\/schema\/person\/5b30b80e385478896a1de221e1994d86"},"headline":"Die Gr\u00fcnen haben endlich das ihnen angemessene Niveau erreicht","datePublished":"2016-01-31T10:56:01+00:00","dateModified":"2016-01-31T11:03:41+00:00","mainEntityOfPage":{"@id":"https:\/\/www.inkultura-online.de\/politisch_unkorrekt\/die-gruenen-haben-endlich-das-ihnen-angemessene-niveau-erreicht\/"},"wordCount":634,"commentCount":0,"publisher":{"@id":"https:\/\/www.inkultura-online.de\/politisch_unkorrekt\/#\/schema\/person\/5b30b80e385478896a1de221e1994d86"},"keywords":["deutsche Sprache","die Gr\u00fcnen","Leichte Sprache","Volksverr\u00e4ter"],"articleSection":["Fundst\u00fccke","Gedanken zum Tag"],"inLanguage":"de","potentialAction":[{"@type":"CommentAction","name":"Comment","target":["https:\/\/www.inkultura-online.de\/politisch_unkorrekt\/die-gruenen-haben-endlich-das-ihnen-angemessene-niveau-erreicht\/#respond"]}]},{"@type":"WebPage","@id":"https:\/\/www.inkultura-online.de\/politisch_unkorrekt\/die-gruenen-haben-endlich-das-ihnen-angemessene-niveau-erreicht\/","url":"https:\/\/www.inkultura-online.de\/politisch_unkorrekt\/die-gruenen-haben-endlich-das-ihnen-angemessene-niveau-erreicht\/","name":"Die Gr\u00fcnen haben endlich das ihnen angemessene Niveau erreicht - Zeitgeist? Frei!","isPartOf":{"@id":"https:\/\/www.inkultura-online.de\/politisch_unkorrekt\/#website"},"datePublished":"2016-01-31T10:56:01+00:00","dateModified":"2016-01-31T11:03:41+00:00","breadcrumb":{"@id":"https:\/\/www.inkultura-online.de\/politisch_unkorrekt\/die-gruenen-haben-endlich-das-ihnen-angemessene-niveau-erreicht\/#breadcrumb"},"inLanguage":"de","potentialAction":[{"@type":"ReadAction","target":["https:\/\/www.inkultura-online.de\/politisch_unkorrekt\/die-gruenen-haben-endlich-das-ihnen-angemessene-niveau-erreicht\/"]}]},{"@type":"BreadcrumbList","@id":"https:\/\/www.inkultura-online.de\/politisch_unkorrekt\/die-gruenen-haben-endlich-das-ihnen-angemessene-niveau-erreicht\/#breadcrumb","itemListElement":[{"@type":"ListItem","position":1,"name":"Home","item":"https:\/\/www.inkultura-online.de\/politisch_unkorrekt\/"},{"@type":"ListItem","position":2,"name":"Die Gr\u00fcnen haben endlich das ihnen angemessene Niveau erreicht"}]},{"@type":"WebSite","@id":"https:\/\/www.inkultura-online.de\/politisch_unkorrekt\/#website","url":"https:\/\/www.inkultura-online.de\/politisch_unkorrekt\/","name":"Zeitgeist? Frei!","description":"Was Ihr den Geist der Zeiten hei\u00dft...","publisher":{"@id":"https:\/\/www.inkultura-online.de\/politisch_unkorrekt\/#\/schema\/person\/5b30b80e385478896a1de221e1994d86"},"potentialAction":[{"@type":"SearchAction","target":{"@type":"EntryPoint","urlTemplate":"https:\/\/www.inkultura-online.de\/politisch_unkorrekt\/?s={search_term_string}"},"query-input":{"@type":"PropertyValueSpecification","valueRequired":true,"valueName":"search_term_string"}}],"inLanguage":"de"},{"@type":["Person","Organization"],"@id":"https:\/\/www.inkultura-online.de\/politisch_unkorrekt\/#\/schema\/person\/5b30b80e385478896a1de221e1994d86","name":"Orator","image":{"@type":"ImageObject","inLanguage":"de","@id":"https:\/\/secure.gravatar.com\/avatar\/96e03166d31716e9c437060430eb7605c45a8ce6fb6dab483637ca6915dd0844?s=96&d=mm&r=g","url":"https:\/\/secure.gravatar.com\/avatar\/96e03166d31716e9c437060430eb7605c45a8ce6fb6dab483637ca6915dd0844?s=96&d=mm&r=g","contentUrl":"https:\/\/secure.gravatar.com\/avatar\/96e03166d31716e9c437060430eb7605c45a8ce6fb6dab483637ca6915dd0844?s=96&d=mm&r=g","caption":"Orator"},"logo":{"@id":"https:\/\/secure.gravatar.com\/avatar\/96e03166d31716e9c437060430eb7605c45a8ce6fb6dab483637ca6915dd0844?s=96&d=mm&r=g"},"url":"https:\/\/www.inkultura-online.de\/politisch_unkorrekt\/author\/1korrektor21-2\/"}]}},"_links":{"self":[{"href":"https:\/\/www.inkultura-online.de\/politisch_unkorrekt\/wp-json\/wp\/v2\/posts\/974","targetHints":{"allow":["GET"]}}],"collection":[{"href":"https:\/\/www.inkultura-online.de\/politisch_unkorrekt\/wp-json\/wp\/v2\/posts"}],"about":[{"href":"https:\/\/www.inkultura-online.de\/politisch_unkorrekt\/wp-json\/wp\/v2\/types\/post"}],"author":[{"embeddable":true,"href":"https:\/\/www.inkultura-online.de\/politisch_unkorrekt\/wp-json\/wp\/v2\/users\/1"}],"replies":[{"embeddable":true,"href":"https:\/\/www.inkultura-online.de\/politisch_unkorrekt\/wp-json\/wp\/v2\/comments?post=974"}],"version-history":[{"count":4,"href":"https:\/\/www.inkultura-online.de\/politisch_unkorrekt\/wp-json\/wp\/v2\/posts\/974\/revisions"}],"predecessor-version":[{"id":978,"href":"https:\/\/www.inkultura-online.de\/politisch_unkorrekt\/wp-json\/wp\/v2\/posts\/974\/revisions\/978"}],"wp:attachment":[{"href":"https:\/\/www.inkultura-online.de\/politisch_unkorrekt\/wp-json\/wp\/v2\/media?parent=974"}],"wp:term":[{"taxonomy":"category","embeddable":true,"href":"https:\/\/www.inkultura-online.de\/politisch_unkorrekt\/wp-json\/wp\/v2\/categories?post=974"},{"taxonomy":"post_tag","embeddable":true,"href":"https:\/\/www.inkultura-online.de\/politisch_unkorrekt\/wp-json\/wp\/v2\/tags?post=974"}],"curies":[{"name":"wp","href":"https:\/\/api.w.org\/{rel}","templated":true}]}}